{"id":7925,"date":"2024-04-03T15:16:56","date_gmt":"2024-04-03T18:16:56","guid":{"rendered":"https:\/\/enerone.com.ar\/energia-renovable\/?p=7925"},"modified":"2024-04-03T15:16:56","modified_gmt":"2024-04-03T18:16:56","slug":"cordoba-busca-participar-en-el-mercado-de-creditos-de-carbono-de-california","status":"publish","type":"post","link":"https:\/\/enerone.com.ar\/energia-renovable\/cordoba-busca-participar-en-el-mercado-de-creditos-de-carbono-de-california\/","title":{"rendered":"C\u00f3rdoba busca participar en el mercado de cr\u00e9ditos de carbono de California"},"content":{"rendered":"\n<p>La Provincia se consolida como pionera y l\u00edder, a nivel nacional, en proyectos de generaci\u00f3n de energ\u00edas renovables en el \u00e1mbito de la distribuci\u00f3n. Este liderazgo se atribuye a una s\u00f3lida legislaci\u00f3n provincial y a la implementaci\u00f3n de sistemas asociativos de generaci\u00f3n distribuida. Adem\u00e1s, contribuye la creaci\u00f3n de un marco normativo y t\u00e9cnico elaborado mediante consensos con todos los sectores intervinientes.<\/p>\n\n\n\n<p>En este marco, el secretario de Transici\u00f3n Energ\u00e9tica, Pablo Gabutti, disert\u00f3 en dos paneles de la conferencia North American Carbon World 2024 (NACW) en San Francisco, California. Su participaci\u00f3n fue posible gracias al apoyo de Climate Action Reserve (CAR) y M\u00c9XICO2, la Plataforma de Mercados de Carbono de la Bolsa Mexicana de Valores.<\/p>\n\n\n\n<p>La conferencia NACW se realiza hace 21 a\u00f1os y es el principal evento de Am\u00e9rica del Norte para aprender, colaborar y establecer contactos sobre los mercados de carbono y la pol\u00edtica clim\u00e1tica.<\/p>\n\n\n\n<p>En los paneles, Gabutti expuso sobre las acciones que C\u00f3rdoba est\u00e1 llevando a cabo para combatir el cambio clim\u00e1tico, con especial atenci\u00f3n a los mecanismos de mercado para incentivar la reducci\u00f3n de emisiones y a la adaptaci\u00f3n de protocolos que incentivaron proyectos de energ\u00eda limpia en el sector ganadero y en rellenos sanitarios.<\/p>\n\n\n\n<p>Tambi\u00e9n se reuni\u00f3 con Liane Randolph, presidenta de la California Air Resources Board, para establecer una agenda com\u00fan entre ambas jurisdicciones. Uno de los temas principales fue la incorporaci\u00f3n de C\u00f3rdoba a la Subnational Methane Action Coalition (SMAC), una iniciativa impulsada por California para buscar soluciones conjuntas para reducir las emisiones de metano, un potente gas de efecto invernadero.<\/p>\n\n\n\n<p>En este sentido, C\u00f3rdoba se posiciona como l\u00edder regional en acci\u00f3n clim\u00e1tica y colabora con actores internacionales para afrontar el desaf\u00edo del cambio clim\u00e1tico.<\/p>\n\n\n\n<p>C\u00f3rdoba avanza en la monetizaci\u00f3n de reducciones de emisiones de carbono<\/p>\n\n\n\n<p>La Provincia lidera iniciativas para monetizar la reducci\u00f3n de emisiones de carbono, a trav\u00e9s de subastas innovadoras que promueven la inversi\u00f3n en tecnolog\u00edas de energ\u00eda limpia.<\/p>\n\n\n\n<p>Estas subastas, impulsadas por el Gobierno Provincial, permiten a empresas compensar sus emisiones de carbono, creando as\u00ed un mercado para la reducci\u00f3n de gases de efecto invernadero.<\/p>\n\n\n\n<p>La primera subasta de carbono desplazo, se realiz\u00f3 a fines de 2022, desde entonces las licitaciones para obras han otorgado puntajes adicionales a las empresas que demuestran reducciones en sus emisiones o que compensan sus emisiones, adquiriendo bonos de aquellos que las han reducido.<\/p>\n\n\n\n<p>Cabe destacar que a fines del a\u00f1o pasado se concret\u00f3 una nueva subasta, denominada de unidades de carbono verificadas, con caracter\u00edsticas similares a la primera.<\/p>\n\n\n\n<p>Este a\u00f1o se planea realizar una tercera subasta, hacia finales del a\u00f1o, con el objetivo de permitir la participaci\u00f3n de nuevos proyectos. Adem\u00e1s, C\u00f3rdoba est\u00e1 avanzando hacia el acceso al mercado subnacional de California, considerado uno de los m\u00e1s importantes del mundo en materia ambiental.<\/p>\n\n\n\n<p>A trav\u00e9s de la adaptaci\u00f3n de protocolos para proyectos de biog\u00e1s, la provincia busca monetizar las reducciones de emisiones y establecer v\u00ednculos con empresas internacionales comprometidas con est\u00e1ndares ambientales s\u00f3lidos.<\/p>\n\n\n\n<p>Este esfuerzo refleja el compromiso de C\u00f3rdoba en la lucha contra el cambio clim\u00e1tico y la promoci\u00f3n de una econom\u00eda circular.<\/p>\n\n\n\n<p>L\u00edder en generaci\u00f3n con energ\u00eda Limpia<\/p>\n\n\n\n<p>La provincia de C\u00f3rdoba consolid\u00f3 su liderazgo a nivel nacional en proyectos de generaci\u00f3n de energ\u00edas renovables, evidenciando el firme compromiso del Gobierno Provincial en la lucha contra el cambio clim\u00e1tico mediante la reducci\u00f3n de emisiones de gases de efecto invernadero.<\/p>\n\n\n\n<p>La Generaci\u00f3n Distribuida permite a los usuarios producir su propia energ\u00eda limpia a partir de fuentes renovables como el sol y el viento, contribuyendo al autoconsumo y, en caso de excedente, aportando energ\u00eda a la red el\u00e9ctrica y recibiendo cr\u00e9ditos econ\u00f3micos por ello.<\/p>\n\n\n\n<p>Por cuarto a\u00f1o consecutivo, C\u00f3rdoba lidera el ranking nacional en Generaci\u00f3n Distribuida, seg\u00fan los reportes mensuales de instalaciones de usuarios generadores publicados por la Secretar\u00eda de Energ\u00eda de la Naci\u00f3n desde 2019. La provincia cuenta con el 47,52% de las instalaciones y el 42,2% de la potencia instalada a nivel nacional, con un total de 757 usuarios generadores y una potencia instalada de 12.953 kW.<\/p>\n\n\n\n<p>Adem\u00e1s de los generadores individuales, o sea quienes tienen equipamiento para un domicilio, en la provincia existen seis usuarios generadores comunitarios conectados a la red: El Parque solar Oncativo con 76,44 KW de potencia; el de Arroyo Cabral, con 70,07 KWP; el de Jovita, con 101,92 KWP; el de Vicu\u00f1a Mackenna, con 127,4 KWP; el de La Laguna, con 131,04 KWP; y el de Maip\u00fa Automotores, con 828 KWP.<\/p>\n\n\n\n<p>A estos parques hay que sumarles dos en proceso de conexi\u00f3n: el de La Cumbrecita, con 315 KWP y el de Morteros, con 330 KWP.<\/p>\n\n\n\n<p>Adem\u00e1s, se destaca el proyecto para generar energ\u00eda a partir del biog\u00e1s de residuos cloacales en la planta de saneamiento de Bajo Grande y el proyecto de Biofarma, primer usuario generador distribuidor del pa\u00eds a partir de residuos de feedlot.<\/p>\n\n\n\n<p>Tambi\u00e9n es importante destacar que en el predio de Arroyo Cabral -propiedad de EPEC- se buscar\u00e1 alojar proyectos importantes tanto de la propia empresa como de inversores privados que quieran generar desde ese lugar para diversos mercados de energ\u00eda, aprovechando la infraestructura disponible para una potencia superior a los 50 MW.<\/p>\n\n\n\n<p>El liderazgo de C\u00f3rdoba en la materia tiene que ver con la implementaci\u00f3n de pol\u00edticas p\u00fablicas bajo marcos normativos claros y creados por consenso de todas las organizaciones.<\/p>\n\n\n\n<p>La estrategia apunta a que los gases de efecto invernadero que dejen de emitirse pudieran monetizarse mediante su comercializaci\u00f3n en subastas de cr\u00e9ditos de carbono con empresas que necesitaban reducir su huella.<\/p>\n\n\n\n<p>En este sentido, se buscar\u00e1 mejorar el programa de beneficios para incentivar las inversiones e introducir la digitalizaci\u00f3n, es decir la aplicaci\u00f3n de blockchain para generar tres tokens: uno asociado a la potencia instalada, otro que representar\u00eda la monetizaci\u00f3n de la energ\u00eda generada mediante una billetera virtual para pagar las facturas de energ\u00eda y, por \u00faltimo, un token asociado a la reducci\u00f3n de emisiones por esa energ\u00eda que podr\u00eda comercializarse en una plataforma vinculada al carbono.<\/p>\n","protected":false},"excerpt":{"rendered":"<p>La provincia mediterr\u00e1nea es pionera y l\u00edder en generar energ\u00edas renovables. Se trata del mercado subnacional considerado como uno de los m\u00e1s importantes del mundo en materia ambiental. Como antecedente, la provincia realiz\u00f3 dos subastas de carbono en 2022 y 2023, y planea una tercera para fin de a\u00f1o.<\/p>\n","protected":false},"author":3,"featured_media":7926,"comment_status":"open","ping_status":"open","sticky":false,"template":"","format":"standard","meta":{"footnotes":""},"categories":[1],"tags":[],"class_list":["post-7925","post","type-post","status-publish","format-standard","has-post-thumbnail","hentry","category-sin-categoria"],"_links":{"self":[{"href":"https:\/\/enerone.com.ar\/energia-renovable\/wp-json\/wp\/v2\/posts\/7925","targetHints":{"allow":["GET"]}}],"collection":[{"href":"https:\/\/enerone.com.ar\/energia-renovable\/wp-json\/wp\/v2\/posts"}],"about":[{"href":"https:\/\/enerone.com.ar\/energia-renovable\/wp-json\/wp\/v2\/types\/post"}],"author":[{"embeddable":true,"href":"https:\/\/enerone.com.ar\/energia-renovable\/wp-json\/wp\/v2\/users\/3"}],"replies":[{"embeddable":true,"href":"https:\/\/enerone.com.ar\/energia-renovable\/wp-json\/wp\/v2\/comments?post=7925"}],"version-history":[{"count":1,"href":"https:\/\/enerone.com.ar\/energia-renovable\/wp-json\/wp\/v2\/posts\/7925\/revisions"}],"predecessor-version":[{"id":7927,"href":"https:\/\/enerone.com.ar\/energia-renovable\/wp-json\/wp\/v2\/posts\/7925\/revisions\/7927"}],"wp:featuredmedia":[{"embeddable":true,"href":"https:\/\/enerone.com.ar\/energia-renovable\/wp-json\/wp\/v2\/media\/7926"}],"wp:attachment":[{"href":"https:\/\/enerone.com.ar\/energia-renovable\/wp-json\/wp\/v2\/media?parent=7925"}],"wp:term":[{"taxonomy":"category","embeddable":true,"href":"https:\/\/enerone.com.ar\/energia-renovable\/wp-json\/wp\/v2\/categories?post=7925"},{"taxonomy":"post_tag","embeddable":true,"href":"https:\/\/enerone.com.ar\/energia-renovable\/wp-json\/wp\/v2\/tags?post=7925"}],"curies":[{"name":"wp","href":"https:\/\/api.w.org\/{rel}","templated":true}]}}