{"id":5557,"date":"2019-11-25T22:01:50","date_gmt":"2019-11-26T01:01:50","guid":{"rendered":"https:\/\/www.enerone.com.ar\/?p=5557"},"modified":"2019-11-25T22:01:52","modified_gmt":"2019-11-26T01:01:52","slug":"chaco-se-adhiere-a-la-ley-nacional-argentina-que-establece-el-regimen-de-fomento-a-la-generacion-de-energia-renovable-en-la-red-electrica-publica","status":"publish","type":"post","link":"https:\/\/enerone.com.ar\/energia-renovable\/chaco-se-adhiere-a-la-ley-nacional-argentina-que-establece-el-regimen-de-fomento-a-la-generacion-de-energia-renovable-en-la-red-electrica-publica\/","title":{"rendered":"Chaco se adhiere a la ley nacional argentina que establece el r\u00e9gimen de fomento a la generaci\u00f3n de energ\u00eda renovable en la red el\u00e9ctrica p\u00fablica"},"content":{"rendered":"\n<p> El parlamento chaque\u00f1o respald\u00f3 por unanimidad con la sanci\u00f3n legislativa n.\u00ba 3001-R adherir a la Provincia del Chaco a la Ley Nacional n.\u00ba 27.424 R\u00e9gimen de Fomento a la Generaci\u00f3n Distribuida de Energ\u00eda Renovable Integrada a la Red El\u00e9ctrica P\u00fablica. <\/p>\n\n\n\n<p>La Provincia de Chaco, en Argentina,&nbsp; se ha adherido a la Ley Nacional n.\u00ba 27.424 R\u00e9gimen de Fomento a la Generaci\u00f3n Distribuida de Energ\u00eda Renovable Integrada a la Red El\u00e9ctrica P\u00fablica. Por esta norma el Ministerio de Industria, Comercio y Servicios, o el organismo que lo sustituyere, queda asignado como Autoridad de Aplicaci\u00f3n de la presente Ley para todos los aspectos que no sean de car\u00e1cter federal.<\/p>\n\n\n\n<p>Adem\u00e1s por esta norma se faculta al Ministerio de Hacienda y Finanzas P\u00fablicas y al Ministerio de Industria, Comercio y Servicios, en los \u00e1mbitos de sus respectivas competencias, a realizar las adecuaciones presupuestarias correspondientes para el cumplimiento de la presente Ley.<\/p>\n\n\n\n<p>Ahora, el Gobierno local deber\u00e1 reglamentar la ley para que los usuarios particulares puedan inyectar energ\u00eda limpia a la red el\u00e9ctrica para su autoabastecimiento y vender los excedentes.<\/p>\n\n\n\n<p>La iniciativa fue presentada al parlamento provincial por los diputados radicales Leandro Zdero y Carmen Delgado de Britto, donde se sancion\u00f3 por unanimidad.<\/p>\n\n\n\n<p>Los autores explicaron que \u201cen Argentina, el potencial solar y e\u00f3lico es inmenso y para aprovecharlo fue necesario contar con un modelo de generaci\u00f3n descentralizado de energ\u00eda renovable\u201d y para una verdadera revoluci\u00f3n energ\u00e9tica, no es suficiente con los parques solares y e\u00f3licos ni los desarrollos en geotermia o biomasa sino la verdadera participaci\u00f3n popular mediante lo que se conoce como energ\u00eda distribuida, que significa que cada uno de los usuarios pueda generar, consumir y hasta vender su propia energ\u00eda. Al permitir que se genere en el punto de consumo, en potencias chicas, se democratiza el sistema energ\u00e9tico y se ampl\u00edan las posibilidades para generar energ\u00eda renovable aprovechando el hecho de que el recurso no est\u00e1 concentrado\u201d.<\/p>\n\n\n\n<p>Tambi\u00e9n destacaron que \u201cla aplicaci\u00f3n de las energ\u00edas renovables de forma distribuida es un campo inmenso que a\u00fan no se ha explorado en Argentina. Frente a este contexto y ante la necesidad de una disminuci\u00f3n dr\u00e1stica de emisiones de gases de efectos invernadero, el pa\u00eds enfrenta un gran desaf\u00edo en la incorporaci\u00f3n de fuentes limpias y renovables. Para aprovechar el potencial existente en todo su territorio, adem\u00e1s del desarrollo a gran escala, fue necesario incorporar la generaci\u00f3n distribuida integrada a la red y contar con la factibilidad regulatoria para comenzar a potenciar las posibilidades que brinda un modelo de generaci\u00f3n descentralizado\u201d.<\/p>\n\n\n\n<p>Tambi\u00e9n subrayan que \u201ccon la Ley n.\u00ba 27.191 solo pod\u00edan generar electricidad los agentes del mercado mayorista, pero esta nueva ley es el marco regulatorio que faltaba para que todos los consumidores puedan ser generadores y permitir\u00e1 que quienes instalen tecnolog\u00edas de generaci\u00f3n de energ\u00eda limpia en su casa puedan no s\u00f3lo contribuir con la lucha contra el cambio clim\u00e1tico sino tambi\u00e9n a ahorrar en sus facturas de luz y gas\u201d.<\/p>\n\n\n\n<p>\u201cComo conclusi\u00f3n podemos decir que la generaci\u00f3n de energ\u00eda renovable distribuida es la pr\u00f3xima revoluci\u00f3n en el sistema el\u00e9ctrico: antes fue la democratizaci\u00f3n del consumo, ahora es la democratizaci\u00f3n de la generaci\u00f3n el\u00e9ctrica y Argentina cuenta con importantes recursos renovables para desarrollar plenamente la generaci\u00f3n descentralizada, solar y e\u00f3lica\u201d, sostuvieron al finalizar los argumentos.<\/p>\n","protected":false},"excerpt":{"rendered":"<p>El parlamento chaque\u00f1o respald\u00f3 por unanimidad con la sanci\u00f3n legislativa n.\u00ba 3001-R adherir a la Provincia del Chaco a la Ley Nacional n.\u00ba 27.424 R\u00e9gimen de Fomento a la Generaci\u00f3n Distribuida de Energ\u00eda Renovable Integrada a la Red El\u00e9ctrica P\u00fablica. La Provincia de Chaco, en Argentina,&nbsp; se ha adherido a la Ley Nacional n.\u00ba 27.424 [&hellip;]<\/p>\n","protected":false},"author":3,"featured_media":5481,"comment_status":"closed","ping_status":"closed","sticky":false,"template":"","format":"standard","meta":{"footnotes":""},"categories":[52],"tags":[],"class_list":["post-5557","post","type-post","status-publish","format-standard","has-post-thumbnail","hentry","category-fotovoltaica"],"_links":{"self":[{"href":"https:\/\/enerone.com.ar\/energia-renovable\/wp-json\/wp\/v2\/posts\/5557","targetHints":{"allow":["GET"]}}],"collection":[{"href":"https:\/\/enerone.com.ar\/energia-renovable\/wp-json\/wp\/v2\/posts"}],"about":[{"href":"https:\/\/enerone.com.ar\/energia-renovable\/wp-json\/wp\/v2\/types\/post"}],"author":[{"embeddable":true,"href":"https:\/\/enerone.com.ar\/energia-renovable\/wp-json\/wp\/v2\/users\/3"}],"replies":[{"embeddable":true,"href":"https:\/\/enerone.com.ar\/energia-renovable\/wp-json\/wp\/v2\/comments?post=5557"}],"version-history":[{"count":0,"href":"https:\/\/enerone.com.ar\/energia-renovable\/wp-json\/wp\/v2\/posts\/5557\/revisions"}],"wp:featuredmedia":[{"embeddable":true,"href":"https:\/\/enerone.com.ar\/energia-renovable\/wp-json\/wp\/v2\/media\/5481"}],"wp:attachment":[{"href":"https:\/\/enerone.com.ar\/energia-renovable\/wp-json\/wp\/v2\/media?parent=5557"}],"wp:term":[{"taxonomy":"category","embeddable":true,"href":"https:\/\/enerone.com.ar\/energia-renovable\/wp-json\/wp\/v2\/categories?post=5557"},{"taxonomy":"post_tag","embeddable":true,"href":"https:\/\/enerone.com.ar\/energia-renovable\/wp-json\/wp\/v2\/tags?post=5557"}],"curies":[{"name":"wp","href":"https:\/\/api.w.org\/{rel}","templated":true}]}}