{"id":5554,"date":"2019-05-25T21:57:50","date_gmt":"2019-05-26T00:57:50","guid":{"rendered":"https:\/\/www.enerone.com.ar\/?p=5554"},"modified":"2019-11-25T21:58:05","modified_gmt":"2019-11-26T00:58:05","slug":"aprueban-reglamento-para-los-medidores-inteligentes-de-energia-electrica","status":"publish","type":"post","link":"https:\/\/enerone.com.ar\/energia-renovable\/aprueban-reglamento-para-los-medidores-inteligentes-de-energia-electrica\/","title":{"rendered":"Aprueban reglamento para los medidores inteligentes de energ\u00eda el\u00e9ctrica"},"content":{"rendered":"\n<p> El gobierno nacional aprob\u00f3 el \u201cReglamento T\u00e9cnico y Metrol\u00f3gico para los Medidores de Energ\u00eda El\u00e9ctrica en Corriente Alterna\u201d, que contempla los nuevos dispositivos denominados \u201cinteligentes\u201d y ja la obligatoriedad de su instalaci\u00f3n a partir del a\u00f1o que viene. Lo hizo a trav\u00e9s de la resoluci\u00f3n 247\/2019 de la Secretar\u00eda de Comercio Interior <\/p>\n\n\n\n<p>El gobierno nacional aprob\u00f3 el \u201cReglamento T\u00e9cnico y Metrol\u00f3gico para los Medidores de Energ\u00eda El\u00e9ctrica en Corriente Alterna\u201d, que contempla los nuevos dispositivos denominados \u201cinteligentes\u201d y ja la obligatoriedad de su instalaci\u00f3n a partir del a\u00f1o que viene.<\/p>\n\n\n\n<p>Lo hizo a trav\u00e9s de la resoluci\u00f3n 247\/2019 de la Secretar\u00eda de Comercio Interior, publicada hoy en el Bolet\u00edn Oficial.<\/p>\n\n\n\n<p>La misma destac\u00f3 que el Estado se encuentra promoviendo diferentes planes para lograr una matriz energ\u00e9tica nacional sostenible, a cuyo efecto se encuentra impulsando la producci\u00f3n energ\u00e9tica a partir de fuentes renovables, la mejora de la eficiencia en la utilizaci\u00f3n de la energ\u00eda, la correcta medici\u00f3n del consumo y la equidad social.<\/p>\n\n\n\n<p>Tambi\u00e9n remarc\u00f3 que \u201ccon el objetivo de acompa\u00f1ar la pol\u00edtica energ\u00e9tica actual, el uso de medidores de electricidad inteligentes se vuelve indispensable, atento a que promover\u00e1n la eficiencia energ\u00e9tica, as\u00ed como la sostenibilidad y la movilidad el\u00e9ctrica\u201d.<\/p>\n\n\n\n<p>Asimismo, asegur\u00f3 que estos dispositivos permitir\u00e1n \u201cla aplicaci\u00f3n de tarifas flexibles y personalizadas, aportando grandes beneficios a los usuarios, mejorando la calidad del servicio y generando datos en tiempo real que beneficiar\u00e1n a la planificaci\u00f3n, la operaci\u00f3n y el mantenimiento de la red el\u00e9ctrica\u201d.<\/p>\n\n\n\n<p>En consecuencia, los medidores de energ\u00eda el\u00e9ctrica que se fabriquen, comercialicen e importen, deber\u00e1n cumplir con el Reglamento T\u00e9cnico y Metrol\u00f3gico.<\/p>\n","protected":false},"excerpt":{"rendered":"<p>El gobierno nacional aprob\u00f3 el \u201cReglamento T\u00e9cnico y Metrol\u00f3gico para los Medidores de Energ\u00eda El\u00e9ctrica en Corriente Alterna\u201d, que contempla los nuevos dispositivos denominados \u201cinteligentes\u201d y ja la obligatoriedad de su instalaci\u00f3n a partir del a\u00f1o que viene. Lo hizo a trav\u00e9s de la resoluci\u00f3n 247\/2019 de la Secretar\u00eda de Comercio Interior El gobierno nacional [&hellip;]<\/p>\n","protected":false},"author":3,"featured_media":5519,"comment_status":"closed","ping_status":"closed","sticky":false,"template":"","format":"standard","meta":{"footnotes":""},"categories":[52],"tags":[88,89],"class_list":["post-5554","post","type-post","status-publish","format-standard","has-post-thumbnail","hentry","category-fotovoltaica","tag-medidores-inteligentes","tag-medidores-inteligentes-de-energia-electrica"],"_links":{"self":[{"href":"https:\/\/enerone.com.ar\/energia-renovable\/wp-json\/wp\/v2\/posts\/5554","targetHints":{"allow":["GET"]}}],"collection":[{"href":"https:\/\/enerone.com.ar\/energia-renovable\/wp-json\/wp\/v2\/posts"}],"about":[{"href":"https:\/\/enerone.com.ar\/energia-renovable\/wp-json\/wp\/v2\/types\/post"}],"author":[{"embeddable":true,"href":"https:\/\/enerone.com.ar\/energia-renovable\/wp-json\/wp\/v2\/users\/3"}],"replies":[{"embeddable":true,"href":"https:\/\/enerone.com.ar\/energia-renovable\/wp-json\/wp\/v2\/comments?post=5554"}],"version-history":[{"count":0,"href":"https:\/\/enerone.com.ar\/energia-renovable\/wp-json\/wp\/v2\/posts\/5554\/revisions"}],"wp:featuredmedia":[{"embeddable":true,"href":"https:\/\/enerone.com.ar\/energia-renovable\/wp-json\/wp\/v2\/media\/5519"}],"wp:attachment":[{"href":"https:\/\/enerone.com.ar\/energia-renovable\/wp-json\/wp\/v2\/media?parent=5554"}],"wp:term":[{"taxonomy":"category","embeddable":true,"href":"https:\/\/enerone.com.ar\/energia-renovable\/wp-json\/wp\/v2\/categories?post=5554"},{"taxonomy":"post_tag","embeddable":true,"href":"https:\/\/enerone.com.ar\/energia-renovable\/wp-json\/wp\/v2\/tags?post=5554"}],"curies":[{"name":"wp","href":"https:\/\/api.w.org\/{rel}","templated":true}]}}