{"id":5542,"date":"2019-08-13T21:43:28","date_gmt":"2019-08-14T00:43:28","guid":{"rendered":"https:\/\/www.enerone.com.ar\/?p=5542"},"modified":"2019-11-25T21:43:54","modified_gmt":"2019-11-26T00:43:54","slug":"construiran-el-mayor-proyecto-de-almacenamiento-solar-del-caribe","status":"publish","type":"post","link":"https:\/\/enerone.com.ar\/energia-renovable\/construiran-el-mayor-proyecto-de-almacenamiento-solar-del-caribe\/","title":{"rendered":"Construir\u00e1n el mayor proyecto de almacenamiento solar del Caribe"},"content":{"rendered":"\n<p>Este proyecto de sistema de almacenamiento de&nbsp;<a href=\"https:\/\/www.worldenergytrade.com\/index.php\/component\/seoglossary\/1-energia\/energia-solar\" target=\"_blank\" rel=\"noreferrer noopener\">energ\u00eda solar<\/a>&nbsp;fotovoltaica y de iones de&nbsp;<a href=\"https:\/\/www.worldenergytrade.com\/index.php\/component\/seoglossary\/1-energia\/litio\" target=\"_blank\" rel=\"noreferrer noopener\">litio<\/a>&nbsp;totalmente integrado proporcionar\u00e1 energ\u00eda limpia y confiable para los residentes de St. Kitts y Nevis.<\/p>\n\n\n\n<p><strong>El Honorable Ian Patches Liburd, Ministro de Infraestructura P\u00fablica, Correos, Urbano, Desarrollo y Transporte de St. Kitts and Nevis dijo:<\/strong>&nbsp;<em>\u00abEstamos listos para embarcarnos en este proyecto vital de almacenamiento solar como parte de nuestro impulso de energ\u00eda renovable que es fundamental para el desarrollo de nuestro pa\u00eds en el futuro\u00bb.<\/em><\/p>\n\n\n\n<p><strong>La planta de&nbsp;<a href=\"https:\/\/www.worldenergytrade.com\/index.php\/component\/seoglossary\/1-energia\/energia-solar\" target=\"_blank\" rel=\"noreferrer noopener\">energ\u00eda solar<\/a>&nbsp;de 35,6 MW y la instalaci\u00f3n de almacenamiento de bater\u00edas de 44,2 MWh<\/strong>&nbsp;se construir\u00e1n en terrenos provistos por el gobierno en el valle de Basseterre, adyacente a la ciudad de Basseterre y la actual SKELEC PowerStation en la isla de St. Kitts&nbsp;<\/p>\n\n\n\n<p>Este proyecto proporcionar\u00e1 a los residentes de esta Federaci\u00f3n de islas gemelas del Caribe una fuente de energ\u00eda limpia confiable y renovable con ahorros de costos fijos en comparaci\u00f3n con el sistema de energ\u00eda generado por diesel actual.&nbsp;<strong>El sistema proporcionar\u00e1 entre el 25-30% de las necesidades actuales de generaci\u00f3n de energ\u00eda de la naci\u00f3n<\/strong>, al tiempo que desplazar\u00e1 la misma cantidad de capacidad generada por diesel.<\/p>\n\n\n\n<p><em>\u00abEl proyecto de almacenamiento solar ayudar\u00e1 a solidificar la fortaleza financiera de SKELEC durante los pr\u00f3ximos 20 a\u00f1os, al tiempo que reducir\u00e1 sustancialmente el costo de combustible de las islas durante ese per\u00edodo\u00bb<\/em>,&nbsp;<strong>dijo<\/strong>&nbsp;<strong>Ian Patches<\/strong>&nbsp;<strong>Liburd.<\/strong>&nbsp;<em>\u201cEl costo esperado para evitar el combustible de la instalaci\u00f3n de la granja solar no solo ser\u00e1 beneficioso para la demanda de energ\u00eda de la Federaci\u00f3n, sino que representa la opci\u00f3n m\u00e1s viable para asegurar las finanzas de SKELEC futuro.\u00bb&nbsp;<\/em><\/p>\n\n\n\n<p>Leclanch\u00e9 servir\u00e1 como el principal contratista de ingenier\u00eda, adquisici\u00f3n y construcci\u00f3n para la instalaci\u00f3n tanto del sistema solar fotovoltaico (PV) como del sistema de almacenamiento de energ\u00eda de la bater\u00eda (battery energy storage system &#8216;BESS&#8217; por sus siglas en ingl\u00e9s).&nbsp;<\/p>\n\n\n\n<p><em>\u00abEl costo de este proyecto para los ciudadanos de San Crist\u00f3bal y Nieves es cero\u00bb<\/em>,<strong>&nbsp;dijo Bryan Urban, Vicepresidente Ejecutivo Presidente y Jefe de la Unidad de Negocio Estacionario de Leclanch\u00e9.<\/strong>&nbsp;<em>\u00abEst\u00e1 siendo pagado por m\u00e1s de 20 a\u00f1os a trav\u00e9s de los ahorros creados por el cambio a&nbsp;<a href=\"https:\/\/www.worldenergytrade.com\/index.php\/component\/seoglossary\/1-energia\/energia-solar\" target=\"_blank\" rel=\"noreferrer noopener\">energ\u00eda solar<\/a>&nbsp;limpia y confiable\u00bb.&nbsp;<\/em><\/p>\n","protected":false},"excerpt":{"rendered":"<p>Este proyecto de sistema de almacenamiento de&nbsp;energ\u00eda solar&nbsp;fotovoltaica y de iones de&nbsp;litio&nbsp;totalmente integrado proporcionar\u00e1 energ\u00eda limpia y confiable para los residentes de St. Kitts y Nevis. El Honorable Ian Patches Liburd, Ministro de Infraestructura P\u00fablica, Correos, Urbano, Desarrollo y Transporte de St. Kitts and Nevis dijo:&nbsp;\u00abEstamos listos para embarcarnos en este proyecto vital de almacenamiento [&hellip;]<\/p>\n","protected":false},"author":3,"featured_media":5543,"comment_status":"closed","ping_status":"closed","sticky":false,"template":"","format":"standard","meta":{"footnotes":""},"categories":[52],"tags":[],"class_list":["post-5542","post","type-post","status-publish","format-standard","has-post-thumbnail","hentry","category-fotovoltaica"],"_links":{"self":[{"href":"https:\/\/enerone.com.ar\/energia-renovable\/wp-json\/wp\/v2\/posts\/5542","targetHints":{"allow":["GET"]}}],"collection":[{"href":"https:\/\/enerone.com.ar\/energia-renovable\/wp-json\/wp\/v2\/posts"}],"about":[{"href":"https:\/\/enerone.com.ar\/energia-renovable\/wp-json\/wp\/v2\/types\/post"}],"author":[{"embeddable":true,"href":"https:\/\/enerone.com.ar\/energia-renovable\/wp-json\/wp\/v2\/users\/3"}],"replies":[{"embeddable":true,"href":"https:\/\/enerone.com.ar\/energia-renovable\/wp-json\/wp\/v2\/comments?post=5542"}],"version-history":[{"count":0,"href":"https:\/\/enerone.com.ar\/energia-renovable\/wp-json\/wp\/v2\/posts\/5542\/revisions"}],"wp:featuredmedia":[{"embeddable":true,"href":"https:\/\/enerone.com.ar\/energia-renovable\/wp-json\/wp\/v2\/media\/5543"}],"wp:attachment":[{"href":"https:\/\/enerone.com.ar\/energia-renovable\/wp-json\/wp\/v2\/media?parent=5542"}],"wp:term":[{"taxonomy":"category","embeddable":true,"href":"https:\/\/enerone.com.ar\/energia-renovable\/wp-json\/wp\/v2\/categories?post=5542"},{"taxonomy":"post_tag","embeddable":true,"href":"https:\/\/enerone.com.ar\/energia-renovable\/wp-json\/wp\/v2\/tags?post=5542"}],"curies":[{"name":"wp","href":"https:\/\/api.w.org\/{rel}","templated":true}]}}