{"id":5529,"date":"2019-08-29T21:35:21","date_gmt":"2019-08-30T00:35:21","guid":{"rendered":"https:\/\/www.enerone.com.ar\/?p=5529"},"modified":"2019-11-25T21:35:38","modified_gmt":"2019-11-26T00:35:38","slug":"quedo-inaugurada-la-obra-de-bombeo-solar-para-la-comunidad-de-piruj-bajo-copo-provincia-de-santiago-del-estero","status":"publish","type":"post","link":"https:\/\/enerone.com.ar\/energia-renovable\/quedo-inaugurada-la-obra-de-bombeo-solar-para-la-comunidad-de-piruj-bajo-copo-provincia-de-santiago-del-estero\/","title":{"rendered":"Qued\u00f3 inaugurada la obra de bombeo solar para la comunidad de Piruj Bajo, Copo, provincia de Santiago del Estero"},"content":{"rendered":"\n<p> En el d\u00eda de la fecha qued\u00f3 inaugurada la obra de bombeo solar para la comunidad de Piruj Bajo en Departamento Copo, provincia de Santiago del Estero, integrada por 98 familias.<\/p>\n\n\n\n<p>All\u00ed a partir de una bomba solar Lorentz PS2 4000 con 40 paneles solares (11 kw de potencia instalada) y unos 17 Km de ca\u00f1er\u00edas enterradas, las familias reciben agua en su propia vivienda. El sistema de bombeo solar extrae diariamente 100.000 litros de agua que se distribuyen en la red comunitaria.<\/p>\n\n\n\n<p>Un\u00a0proyecto agron\u00f3mico que permitir\u00e1 utilizar agua (no potable para consumo humano) para lavar, sembrar, criar animales, etc.<\/p>\n\n\n\n<p>Este proyecto involucro a instituciones como INTA Santiago del Estero, Pro Huerta, Parroquia San Jos\u00e9 de las Petacas, el Ministerio de Salud y Desarrollo Social de la Naci\u00f3n, como as\u00ed tambi\u00e9n a la comunidad de Piruaj Bajo, todos lo hicieron posible.<\/p>\n\n\n\n<p>Lorentz l\u00edder mundial en bombeo solar aporta su tecnolog\u00eda para que esta comunidad tenga agua proveniente de una fuente renovable como es el sol, un proyecto 100% solar.<\/p>\n\n\n\n<p>Desde EnerOne realizamos un nuevo aporte a partir de las renovables en la mejora de la calidad de vida de la gente, a\u00f1adiendo un granito m\u00e1s de arena en acciones concretas para mitigar el cambio clim\u00e1tico.<\/p>\n\n\n\n<p>Una gran satisfacci\u00f3n poder concretar exitosamente un proyecto con fuerte impacto social <\/p>\n\n\n\n<figure class=\"wp-block-gallery columns-1 is-cropped wp-block-gallery-1 is-layout-flex wp-block-gallery-is-layout-flex\"><ul class=\"blocks-gallery-grid\"><li class=\"blocks-gallery-item\"><figure><img fetchpriority=\"high\" decoding=\"async\" width=\"1024\" height=\"576\" src=\"https:\/\/enerone.com.ar\/energia-renovable\/wp-content\/uploads\/2019\/11\/Qued\u00f3-inaugurada-la-obra-de-bombeo-solar-para-la-comunidad-de-Piruj-Bajo-1.jpg\" alt=\"\" data-id=\"5530\" data-full-url=\"https:\/\/enerone.com.ar\/energia-renovable\/wp-content\/uploads\/2019\/11\/Qued\u00f3-inaugurada-la-obra-de-bombeo-solar-para-la-comunidad-de-Piruj-Bajo-1.jpg\" data-link=\"https:\/\/enerone.com.ar\/energia-renovable\/?attachment_id=5530\" class=\"wp-image-5530\" srcset=\"https:\/\/enerone.com.ar\/energia-renovable\/wp-content\/uploads\/2019\/11\/Qued\u00f3-inaugurada-la-obra-de-bombeo-solar-para-la-comunidad-de-Piruj-Bajo-1.jpg 1024w, https:\/\/enerone.com.ar\/energia-renovable\/wp-content\/uploads\/2019\/11\/Qued\u00f3-inaugurada-la-obra-de-bombeo-solar-para-la-comunidad-de-Piruj-Bajo-1-300x169.jpg 300w, https:\/\/enerone.com.ar\/energia-renovable\/wp-content\/uploads\/2019\/11\/Qued\u00f3-inaugurada-la-obra-de-bombeo-solar-para-la-comunidad-de-Piruj-Bajo-1-768x432.jpg 768w, https:\/\/enerone.com.ar\/energia-renovable\/wp-content\/uploads\/2019\/11\/Qued\u00f3-inaugurada-la-obra-de-bombeo-solar-para-la-comunidad-de-Piruj-Bajo-1-600x338.jpg 600w\" sizes=\"(max-width: 1024px) 100vw, 1024px\" \/><\/figure><\/li><li class=\"blocks-gallery-item\"><figure><img decoding=\"async\" width=\"1024\" height=\"576\" src=\"https:\/\/enerone.com.ar\/energia-renovable\/wp-content\/uploads\/2019\/11\/Qued\u00f3-inaugurada-la-obra-de-bombeo-solar-para-la-comunidad-de-Piruj-Bajo-2.jpg\" alt=\"\" data-id=\"5531\" data-full-url=\"https:\/\/enerone.com.ar\/energia-renovable\/wp-content\/uploads\/2019\/11\/Qued\u00f3-inaugurada-la-obra-de-bombeo-solar-para-la-comunidad-de-Piruj-Bajo-2.jpg\" data-link=\"https:\/\/enerone.com.ar\/energia-renovable\/?attachment_id=5531\" class=\"wp-image-5531\" srcset=\"https:\/\/enerone.com.ar\/energia-renovable\/wp-content\/uploads\/2019\/11\/Qued\u00f3-inaugurada-la-obra-de-bombeo-solar-para-la-comunidad-de-Piruj-Bajo-2.jpg 1024w, https:\/\/enerone.com.ar\/energia-renovable\/wp-content\/uploads\/2019\/11\/Qued\u00f3-inaugurada-la-obra-de-bombeo-solar-para-la-comunidad-de-Piruj-Bajo-2-300x169.jpg 300w, https:\/\/enerone.com.ar\/energia-renovable\/wp-content\/uploads\/2019\/11\/Qued\u00f3-inaugurada-la-obra-de-bombeo-solar-para-la-comunidad-de-Piruj-Bajo-2-768x432.jpg 768w, https:\/\/enerone.com.ar\/energia-renovable\/wp-content\/uploads\/2019\/11\/Qued\u00f3-inaugurada-la-obra-de-bombeo-solar-para-la-comunidad-de-Piruj-Bajo-2-600x338.jpg 600w\" sizes=\"(max-width: 1024px) 100vw, 1024px\" \/><\/figure><\/li><li class=\"blocks-gallery-item\"><figure><img decoding=\"async\" width=\"1024\" height=\"576\" src=\"https:\/\/enerone.com.ar\/energia-renovable\/wp-content\/uploads\/2019\/11\/Qued\u00f3-inaugurada-la-obra-de-bombeo-solar-para-la-comunidad-de-Piruj-Bajo-3.jpg\" alt=\"\" data-id=\"5532\" data-full-url=\"https:\/\/enerone.com.ar\/energia-renovable\/wp-content\/uploads\/2019\/11\/Qued\u00f3-inaugurada-la-obra-de-bombeo-solar-para-la-comunidad-de-Piruj-Bajo-3.jpg\" data-link=\"https:\/\/enerone.com.ar\/energia-renovable\/?attachment_id=5532\" class=\"wp-image-5532\" srcset=\"https:\/\/enerone.com.ar\/energia-renovable\/wp-content\/uploads\/2019\/11\/Qued\u00f3-inaugurada-la-obra-de-bombeo-solar-para-la-comunidad-de-Piruj-Bajo-3.jpg 1024w, https:\/\/enerone.com.ar\/energia-renovable\/wp-content\/uploads\/2019\/11\/Qued\u00f3-inaugurada-la-obra-de-bombeo-solar-para-la-comunidad-de-Piruj-Bajo-3-300x169.jpg 300w, https:\/\/enerone.com.ar\/energia-renovable\/wp-content\/uploads\/2019\/11\/Qued\u00f3-inaugurada-la-obra-de-bombeo-solar-para-la-comunidad-de-Piruj-Bajo-3-768x432.jpg 768w, https:\/\/enerone.com.ar\/energia-renovable\/wp-content\/uploads\/2019\/11\/Qued\u00f3-inaugurada-la-obra-de-bombeo-solar-para-la-comunidad-de-Piruj-Bajo-3-600x338.jpg 600w\" sizes=\"(max-width: 1024px) 100vw, 1024px\" \/><\/figure><\/li><li class=\"blocks-gallery-item\"><figure><img loading=\"lazy\" decoding=\"async\" width=\"1024\" height=\"576\" src=\"https:\/\/enerone.com.ar\/energia-renovable\/wp-content\/uploads\/2019\/11\/Qued\u00f3-inaugurada-la-obra-de-bombeo-solar-para-la-comunidad-de-Piruj-Bajo-4.jpg\" alt=\"\" data-id=\"5533\" data-full-url=\"https:\/\/enerone.com.ar\/energia-renovable\/wp-content\/uploads\/2019\/11\/Qued\u00f3-inaugurada-la-obra-de-bombeo-solar-para-la-comunidad-de-Piruj-Bajo-4.jpg\" data-link=\"https:\/\/enerone.com.ar\/energia-renovable\/?attachment_id=5533\" class=\"wp-image-5533\" srcset=\"https:\/\/enerone.com.ar\/energia-renovable\/wp-content\/uploads\/2019\/11\/Qued\u00f3-inaugurada-la-obra-de-bombeo-solar-para-la-comunidad-de-Piruj-Bajo-4.jpg 1024w, https:\/\/enerone.com.ar\/energia-renovable\/wp-content\/uploads\/2019\/11\/Qued\u00f3-inaugurada-la-obra-de-bombeo-solar-para-la-comunidad-de-Piruj-Bajo-4-300x169.jpg 300w, https:\/\/enerone.com.ar\/energia-renovable\/wp-content\/uploads\/2019\/11\/Qued\u00f3-inaugurada-la-obra-de-bombeo-solar-para-la-comunidad-de-Piruj-Bajo-4-768x432.jpg 768w, https:\/\/enerone.com.ar\/energia-renovable\/wp-content\/uploads\/2019\/11\/Qued\u00f3-inaugurada-la-obra-de-bombeo-solar-para-la-comunidad-de-Piruj-Bajo-4-600x338.jpg 600w\" sizes=\"(max-width: 1024px) 100vw, 1024px\" \/><\/figure><\/li><li class=\"blocks-gallery-item\"><figure><img loading=\"lazy\" decoding=\"async\" width=\"1024\" height=\"576\" src=\"https:\/\/enerone.com.ar\/energia-renovable\/wp-content\/uploads\/2019\/11\/Qued\u00f3-inaugurada-la-obra-de-bombeo-solar-para-la-comunidad-de-Piruj-Bajo-5.jpg\" alt=\"\" data-id=\"5534\" data-full-url=\"https:\/\/enerone.com.ar\/energia-renovable\/wp-content\/uploads\/2019\/11\/Qued\u00f3-inaugurada-la-obra-de-bombeo-solar-para-la-comunidad-de-Piruj-Bajo-5.jpg\" data-link=\"https:\/\/enerone.com.ar\/energia-renovable\/?attachment_id=5534\" class=\"wp-image-5534\" srcset=\"https:\/\/enerone.com.ar\/energia-renovable\/wp-content\/uploads\/2019\/11\/Qued\u00f3-inaugurada-la-obra-de-bombeo-solar-para-la-comunidad-de-Piruj-Bajo-5.jpg 1024w, https:\/\/enerone.com.ar\/energia-renovable\/wp-content\/uploads\/2019\/11\/Qued\u00f3-inaugurada-la-obra-de-bombeo-solar-para-la-comunidad-de-Piruj-Bajo-5-300x169.jpg 300w, https:\/\/enerone.com.ar\/energia-renovable\/wp-content\/uploads\/2019\/11\/Qued\u00f3-inaugurada-la-obra-de-bombeo-solar-para-la-comunidad-de-Piruj-Bajo-5-768x432.jpg 768w, https:\/\/enerone.com.ar\/energia-renovable\/wp-content\/uploads\/2019\/11\/Qued\u00f3-inaugurada-la-obra-de-bombeo-solar-para-la-comunidad-de-Piruj-Bajo-5-600x338.jpg 600w\" sizes=\"(max-width: 1024px) 100vw, 1024px\" \/><\/figure><\/li><li class=\"blocks-gallery-item\"><figure><img loading=\"lazy\" decoding=\"async\" width=\"1024\" height=\"576\" src=\"https:\/\/enerone.com.ar\/energia-renovable\/wp-content\/uploads\/2019\/11\/Qued\u00f3-inaugurada-la-obra-de-bombeo-solar-para-la-comunidad-de-Piruj-Bajo-6.jpg\" alt=\"\" data-id=\"5535\" data-full-url=\"https:\/\/enerone.com.ar\/energia-renovable\/wp-content\/uploads\/2019\/11\/Qued\u00f3-inaugurada-la-obra-de-bombeo-solar-para-la-comunidad-de-Piruj-Bajo-6.jpg\" data-link=\"https:\/\/enerone.com.ar\/energia-renovable\/?attachment_id=5535\" class=\"wp-image-5535\" srcset=\"https:\/\/enerone.com.ar\/energia-renovable\/wp-content\/uploads\/2019\/11\/Qued\u00f3-inaugurada-la-obra-de-bombeo-solar-para-la-comunidad-de-Piruj-Bajo-6.jpg 1024w, https:\/\/enerone.com.ar\/energia-renovable\/wp-content\/uploads\/2019\/11\/Qued\u00f3-inaugurada-la-obra-de-bombeo-solar-para-la-comunidad-de-Piruj-Bajo-6-300x169.jpg 300w, https:\/\/enerone.com.ar\/energia-renovable\/wp-content\/uploads\/2019\/11\/Qued\u00f3-inaugurada-la-obra-de-bombeo-solar-para-la-comunidad-de-Piruj-Bajo-6-768x432.jpg 768w, https:\/\/enerone.com.ar\/energia-renovable\/wp-content\/uploads\/2019\/11\/Qued\u00f3-inaugurada-la-obra-de-bombeo-solar-para-la-comunidad-de-Piruj-Bajo-6-600x338.jpg 600w\" sizes=\"(max-width: 1024px) 100vw, 1024px\" \/><\/figure><\/li><li class=\"blocks-gallery-item\"><figure><img loading=\"lazy\" decoding=\"async\" width=\"1024\" height=\"576\" src=\"https:\/\/enerone.com.ar\/energia-renovable\/wp-content\/uploads\/2019\/11\/Qued\u00f3-inaugurada-la-obra-de-bombeo-solar-para-la-comunidad-de-Piruj-Bajo-7.jpg\" alt=\"\" data-id=\"5536\" data-full-url=\"https:\/\/enerone.com.ar\/energia-renovable\/wp-content\/uploads\/2019\/11\/Qued\u00f3-inaugurada-la-obra-de-bombeo-solar-para-la-comunidad-de-Piruj-Bajo-7.jpg\" data-link=\"https:\/\/enerone.com.ar\/energia-renovable\/?attachment_id=5536\" class=\"wp-image-5536\" srcset=\"https:\/\/enerone.com.ar\/energia-renovable\/wp-content\/uploads\/2019\/11\/Qued\u00f3-inaugurada-la-obra-de-bombeo-solar-para-la-comunidad-de-Piruj-Bajo-7.jpg 1024w, https:\/\/enerone.com.ar\/energia-renovable\/wp-content\/uploads\/2019\/11\/Qued\u00f3-inaugurada-la-obra-de-bombeo-solar-para-la-comunidad-de-Piruj-Bajo-7-300x169.jpg 300w, https:\/\/enerone.com.ar\/energia-renovable\/wp-content\/uploads\/2019\/11\/Qued\u00f3-inaugurada-la-obra-de-bombeo-solar-para-la-comunidad-de-Piruj-Bajo-7-768x432.jpg 768w, https:\/\/enerone.com.ar\/energia-renovable\/wp-content\/uploads\/2019\/11\/Qued\u00f3-inaugurada-la-obra-de-bombeo-solar-para-la-comunidad-de-Piruj-Bajo-7-600x338.jpg 600w\" sizes=\"(max-width: 1024px) 100vw, 1024px\" \/><\/figure><\/li><\/ul><\/figure>\n","protected":false},"excerpt":{"rendered":"<p>En el d\u00eda de la fecha qued\u00f3 inaugurada la obra de bombeo solar para la comunidad de Piruj Bajo en Departamento Copo, provincia de Santiago del Estero, integrada por 98 familias. All\u00ed a partir de una bomba solar Lorentz PS2 4000 con 40 paneles solares (11 kw de potencia instalada) y unos 17 Km de [&hellip;]<\/p>\n","protected":false},"author":3,"featured_media":5531,"comment_status":"closed","ping_status":"closed","sticky":false,"template":"","format":"standard","meta":{"footnotes":""},"categories":[11],"tags":[35],"class_list":["post-5529","post","type-post","status-publish","format-standard","has-post-thumbnail","hentry","category-bombeo-solar","tag-bombeo-solar"],"_links":{"self":[{"href":"https:\/\/enerone.com.ar\/energia-renovable\/wp-json\/wp\/v2\/posts\/5529","targetHints":{"allow":["GET"]}}],"collection":[{"href":"https:\/\/enerone.com.ar\/energia-renovable\/wp-json\/wp\/v2\/posts"}],"about":[{"href":"https:\/\/enerone.com.ar\/energia-renovable\/wp-json\/wp\/v2\/types\/post"}],"author":[{"embeddable":true,"href":"https:\/\/enerone.com.ar\/energia-renovable\/wp-json\/wp\/v2\/users\/3"}],"replies":[{"embeddable":true,"href":"https:\/\/enerone.com.ar\/energia-renovable\/wp-json\/wp\/v2\/comments?post=5529"}],"version-history":[{"count":0,"href":"https:\/\/enerone.com.ar\/energia-renovable\/wp-json\/wp\/v2\/posts\/5529\/revisions"}],"wp:featuredmedia":[{"embeddable":true,"href":"https:\/\/enerone.com.ar\/energia-renovable\/wp-json\/wp\/v2\/media\/5531"}],"wp:attachment":[{"href":"https:\/\/enerone.com.ar\/energia-renovable\/wp-json\/wp\/v2\/media?parent=5529"}],"wp:term":[{"taxonomy":"category","embeddable":true,"href":"https:\/\/enerone.com.ar\/energia-renovable\/wp-json\/wp\/v2\/categories?post=5529"},{"taxonomy":"post_tag","embeddable":true,"href":"https:\/\/enerone.com.ar\/energia-renovable\/wp-json\/wp\/v2\/tags?post=5529"}],"curies":[{"name":"wp","href":"https:\/\/api.w.org\/{rel}","templated":true}]}}