{"id":5526,"date":"2019-09-11T21:28:27","date_gmt":"2019-09-12T00:28:27","guid":{"rendered":"https:\/\/www.enerone.com.ar\/?p=5526"},"modified":"2019-11-25T21:28:43","modified_gmt":"2019-11-26T00:28:43","slug":"enerone-es-auspisciantes-del-remate-en-frias-santiago-del-estero","status":"publish","type":"post","link":"https:\/\/enerone.com.ar\/energia-renovable\/enerone-es-auspisciantes-del-remate-en-frias-santiago-del-estero\/","title":{"rendered":"EnerOne es auspisciantes del remate en Fr\u00edas, Santiago del Estero"},"content":{"rendered":"\n<p> EnerOne es uno de los tantos auspisciantes del remate que se est\u00e1 llevando a cabo en Fr\u00edas, Santiago del Estero, en el d\u00eda de hoy. Dijimos presente con nuestro t\u00e9cnico de la zona. Muy buena tarea Hector Casey!! <\/p>\n\n\n\n<figure class=\"wp-block-gallery columns-1 is-cropped wp-block-gallery-1 is-layout-flex wp-block-gallery-is-layout-flex\"><ul class=\"blocks-gallery-grid\"><li class=\"blocks-gallery-item\"><figure><img fetchpriority=\"high\" decoding=\"async\" width=\"645\" height=\"960\" src=\"https:\/\/enerone.com.ar\/energia-renovable\/wp-content\/uploads\/2019\/11\/EnerOne-es-auspisciantes-del-remate-en-Fr\u00edas-1.jpg\" alt=\"\" data-id=\"5527\" data-full-url=\"https:\/\/enerone.com.ar\/energia-renovable\/wp-content\/uploads\/2019\/11\/EnerOne-es-auspisciantes-del-remate-en-Fr\u00edas-1.jpg\" data-link=\"https:\/\/enerone.com.ar\/energia-renovable\/?attachment_id=5527\" class=\"wp-image-5527\" srcset=\"https:\/\/enerone.com.ar\/energia-renovable\/wp-content\/uploads\/2019\/11\/EnerOne-es-auspisciantes-del-remate-en-Fr\u00edas-1.jpg 645w, https:\/\/enerone.com.ar\/energia-renovable\/wp-content\/uploads\/2019\/11\/EnerOne-es-auspisciantes-del-remate-en-Fr\u00edas-1-202x300.jpg 202w, https:\/\/enerone.com.ar\/energia-renovable\/wp-content\/uploads\/2019\/11\/EnerOne-es-auspisciantes-del-remate-en-Fr\u00edas-1-600x893.jpg 600w\" sizes=\"(max-width: 645px) 100vw, 645px\" \/><\/figure><\/li><li class=\"blocks-gallery-item\"><figure><img decoding=\"async\" width=\"1024\" height=\"576\" src=\"https:\/\/enerone.com.ar\/energia-renovable\/wp-content\/uploads\/2019\/11\/EnerOne-es-auspisciantes-del-remate-en-Fr\u00edas-2.jpg\" alt=\"\" data-id=\"5528\" data-full-url=\"https:\/\/enerone.com.ar\/energia-renovable\/wp-content\/uploads\/2019\/11\/EnerOne-es-auspisciantes-del-remate-en-Fr\u00edas-2.jpg\" data-link=\"https:\/\/enerone.com.ar\/energia-renovable\/?attachment_id=5528\" class=\"wp-image-5528\" srcset=\"https:\/\/enerone.com.ar\/energia-renovable\/wp-content\/uploads\/2019\/11\/EnerOne-es-auspisciantes-del-remate-en-Fr\u00edas-2.jpg 1024w, https:\/\/enerone.com.ar\/energia-renovable\/wp-content\/uploads\/2019\/11\/EnerOne-es-auspisciantes-del-remate-en-Fr\u00edas-2-300x169.jpg 300w, https:\/\/enerone.com.ar\/energia-renovable\/wp-content\/uploads\/2019\/11\/EnerOne-es-auspisciantes-del-remate-en-Fr\u00edas-2-768x432.jpg 768w, https:\/\/enerone.com.ar\/energia-renovable\/wp-content\/uploads\/2019\/11\/EnerOne-es-auspisciantes-del-remate-en-Fr\u00edas-2-600x338.jpg 600w\" sizes=\"(max-width: 1024px) 100vw, 1024px\" \/><\/figure><\/li><\/ul><\/figure>\n","protected":false},"excerpt":{"rendered":"<p>EnerOne es uno de los tantos auspisciantes del remate que se est\u00e1 llevando a cabo en Fr\u00edas, Santiago del Estero, en el d\u00eda de hoy. Dijimos presente con nuestro t\u00e9cnico de la zona. Muy buena tarea Hector Casey!!<\/p>\n","protected":false},"author":3,"featured_media":5528,"comment_status":"closed","ping_status":"closed","sticky":false,"template":"","format":"standard","meta":{"footnotes":""},"categories":[66],"tags":[65],"class_list":["post-5526","post","type-post","status-publish","format-standard","has-post-thumbnail","hentry","category-jornadas","tag-enerone"],"_links":{"self":[{"href":"https:\/\/enerone.com.ar\/energia-renovable\/wp-json\/wp\/v2\/posts\/5526","targetHints":{"allow":["GET"]}}],"collection":[{"href":"https:\/\/enerone.com.ar\/energia-renovable\/wp-json\/wp\/v2\/posts"}],"about":[{"href":"https:\/\/enerone.com.ar\/energia-renovable\/wp-json\/wp\/v2\/types\/post"}],"author":[{"embeddable":true,"href":"https:\/\/enerone.com.ar\/energia-renovable\/wp-json\/wp\/v2\/users\/3"}],"replies":[{"embeddable":true,"href":"https:\/\/enerone.com.ar\/energia-renovable\/wp-json\/wp\/v2\/comments?post=5526"}],"version-history":[{"count":0,"href":"https:\/\/enerone.com.ar\/energia-renovable\/wp-json\/wp\/v2\/posts\/5526\/revisions"}],"wp:featuredmedia":[{"embeddable":true,"href":"https:\/\/enerone.com.ar\/energia-renovable\/wp-json\/wp\/v2\/media\/5528"}],"wp:attachment":[{"href":"https:\/\/enerone.com.ar\/energia-renovable\/wp-json\/wp\/v2\/media?parent=5526"}],"wp:term":[{"taxonomy":"category","embeddable":true,"href":"https:\/\/enerone.com.ar\/energia-renovable\/wp-json\/wp\/v2\/categories?post=5526"},{"taxonomy":"post_tag","embeddable":true,"href":"https:\/\/enerone.com.ar\/energia-renovable\/wp-json\/wp\/v2\/tags?post=5526"}],"curies":[{"name":"wp","href":"https:\/\/api.w.org\/{rel}","templated":true}]}}