{"id":5474,"date":"2019-10-21T20:22:26","date_gmt":"2019-10-21T23:22:26","guid":{"rendered":"https:\/\/www.enerone.com.ar\/?p=5474"},"modified":"2019-11-22T20:22:43","modified_gmt":"2019-11-22T23:22:43","slug":"cansado-de-no-tener-servicio-electrico-un-productor-salteno-monto-un-parque-solar-que-incluso-alimenta-el-riego-por-goteo","status":"publish","type":"post","link":"https:\/\/enerone.com.ar\/energia-renovable\/cansado-de-no-tener-servicio-electrico-un-productor-salteno-monto-un-parque-solar-que-incluso-alimenta-el-riego-por-goteo\/","title":{"rendered":"Cansado de no tener servicio el\u00e9ctrico, un productor salte\u00f1o mont\u00f3 un parque solar que incluso alimenta el riego por goteo"},"content":{"rendered":"\n<p>D\u00edas atr\u00e1s,&nbsp;<strong>Bichos de Campo<\/strong>&nbsp;public\u00f3 una extensa entrevista con el presidente de la Federaci\u00f3n de Entidades Rurales Salte\u00f1as (Federsal), el brazo de CRA en esa provincia. Con Ignacio \u201cNacho\u201d Pisani hablamos sobre el regreso del tren Belgrano Cargas, de las posibilidades de agregar valor a la producci\u00f3n local de granos y de carnes, y de otros problemas propios de los productores de un pa\u00eds que se dice federal pero dista mucho de serlo en realidad.<\/p>\n\n\n\n<p>Merec\u00eda un aparte el cap\u00edtulo de la energ\u00eda el\u00e9ctrica y c\u00f3mo muchas empresas agropecuarias deben ingeni\u00e1rselas para producir en un pa\u00eds que no garantiza la llegada de energ\u00eda a todas las regiones. Es el caso del campo de Pisani, ubicado en la localidad de Luis Burela, a unos 70 kil\u00f3metros de Las Lajitas, en el Departamento de Anta, el tendido el\u00e9ctrico qued\u00f3 a unos 15 kil\u00f3metros de distancia y siempre se las tuvieron que arreglar para producir y vivir sin luz. Mejor dicho, cuando ca\u00eda la noche era com\u00fan convivir con el ruido de los poderosos motores a gasoil, que a un alto costo de consumo disimulaban esa carencia.<\/p>\n\n\n\n<p>Pisani, enamorado de ese campo, decidi\u00f3 irse a vivir en el lugar. Construy\u00f3 una casa modesta pero muy bella, con una galer\u00eda t\u00edpica de esta regi\u00f3n norte\u00f1a, como debe ser, para ver las puesta del sol todas las tardes. Pero a esa hora ya no escucha el ruido de esos viejos motores sino simplemente los ruidos que le llegan del monte. Puede hacerlo porque realiz\u00f3 una importante inversi\u00f3n y mont\u00f3 un parque solar propio, que genera electricidad no solo para esa vivienda y las de sus empleados, sino tambi\u00e9n para alimentar los equipos de riego para varias hect\u00e1reas dedicadas a la producci\u00f3n de hortalizas y cucurbit\u00e1ceas.<\/p>\n\n\n\n<p>Mir\u00e1 el relato de Nacho Pisani sobre c\u00f3mo decidi\u00f3 invertir en energ\u00eda solar<\/p>\n\n\n\n<figure><iframe width=\"640\" height=\"360\" src=\"https:\/\/www.youtube.com\/embed\/cdqNxUttwOM?version=3&amp;rel=1&amp;fs=1&amp;autohide=2&amp;showsearch=0&amp;showinfo=1&amp;iv_load_policy=1&amp;wmode=transparent\" allowfullscreen=\"true\"><\/iframe><\/figure>\n\n\n\n<p>\u201cHice el intento de traer electricidad con el gobierno provincial, pero la carcajada fue muy grande, y entonces empec\u00e9 a pensar en otros recursos para generar electricidad que no fuera con motor a gasoil, porque es car\u00edsimo y sobre todo inc\u00f3modo. Entonces se nos ocurri\u00f3 instalar este peque\u00f1os parque solar que genera 15 Kw y que tiene 16 bater\u00edas. Si se rompe algo, eso te da tres d\u00edas de autonom\u00eda\u201d, nos cont\u00f3 Pisani.<\/p>\n\n\n\n<p>Con el equipo funcionando a pleno, el empresario agr\u00edcola puede alimentar el riego para 18 hect\u00e1reas sistematizadas para producir verdura, los bebederos para la ganader\u00eda (unos 800 vientres), el puesto donde viven unas ocho personas que trabajan en el lugar y su propia casa, que est\u00e1 equipada con todos los artefactos que uno puede tener en la ciudad, incluido un equipo de aire acondicionado.<\/p>\n\n\n\n<figure class=\"wp-block-image\"><img decoding=\"async\" src=\"https:\/\/bichosdecampo.com\/wp-content\/uploads\/2019\/10\/pisani-y-su-parque-eolico.jpg\" alt=\"\" class=\"wp-image-28935\"\/><\/figure>\n\n\n\n<p>\u201cUna de las cosas que m\u00e1s me motiv\u00f3 a hacer esto es que los motores consum\u00edan muchos litros de gasoil por d\u00eda y de golpe los muchachos lo ten\u00edan prendido en el verano tres horas para hacer hielo. Yo no le pod\u00eda decir nada porque a todos nos gusta tener hielo a disposici\u00f3n. Y ac\u00e1 hace mucho calor. Pero cuando ve\u00eda que hac\u00edan hielo con un motor de 20 Kw dije \u2018algo tengo que hacer con esto&#8217;\u201d. relat\u00f3 el dirigente rural, que invirti\u00f3 una suma considerable en el equipamiento para su parque solar, pero que espera recuperar relativamente r\u00e1pido, con los ahorros en gasoil y la mejora de la calidad de vida, la de \u00e9l y la de sus trabajadores. Pisani tambi\u00e9n compr\u00f3 calefones solares para todos, que funcionan de maravillas y les permiten tener agua caliente en todo momento.<\/p>\n\n\n\n<p>\u201cPara mi ya est\u00e1 amortizado, porque antes no ten\u00eda nada y ahora tengo de todo\u201d, afirm\u00f3 Pisani.<\/p>\n\n\n\n<p>El empresario se quej\u00f3 de la falta de lineas de cr\u00e9dito para que los habitantes de zonas rurales puedan acceder a este tipo de equipos, cuya oferta ya se encuentran muy difundida en el pa\u00eds (aunque todav\u00eda es deficitario el sistema de reparaciones post venta).<\/p>\n\n\n\n<p>Pisani consider\u00f3 que la mayor\u00eda de los productores \u201ctodav\u00eda cree que es un sistema que no da para cosas, grandes. y piensa que es muy caro\u201d instalar un parque solar. Pero aclar\u00f3: \u201cEs cierto que no es barato y que no todos pueden hacer esta inversi\u00f3n. Lamentablemente hay un tema de escala. Es ah\u00ed donde deber\u00eda actuar el gobierno con cr\u00e9ditos que uno pague en cinco o siete a\u00f1os. As\u00ed deber\u00eda ser, porque la matriz energ\u00e9tica debe cambiar. Porque cuando uno se de cuenta de que puede tener esto y no prender un motor gasolero nunca m\u00e1s, no va a querer volver m\u00e1s\u201d a lo viejo.<\/p>\n\n\n\n<p><a href=\"https:\/\/bichosdecampo.com\/cansado-de-no-tener-servicio-electrico-un-productor-salteno-monto-un-parque-solar-que-incluso-alimenta-el-riego-por-goteo\/?fbclid=IwAR2v__o4GyWsg8mOcrHg9Xn0_ZkhWz5Q2XfqgsjSPKXDTUKlQPkO-Zg-3Is\" target=\"_blank\" rel=\"noreferrer noopener\" aria-label=\"Fuente: bichosdecampo (abre en una nueva pesta\u00f1a)\">Fuente: bichosdecampo<\/a><\/p>\n","protected":false},"excerpt":{"rendered":"<p>D\u00edas atr\u00e1s,&nbsp;Bichos de Campo&nbsp;public\u00f3 una extensa entrevista con el presidente de la Federaci\u00f3n de Entidades Rurales Salte\u00f1as (Federsal), el brazo de CRA en esa provincia. Con Ignacio \u201cNacho\u201d Pisani hablamos sobre el regreso del tren Belgrano Cargas, de las posibilidades de agregar valor a la producci\u00f3n local de granos y de carnes, y de otros [&hellip;]<\/p>\n","protected":false},"author":3,"featured_media":5456,"comment_status":"closed","ping_status":"closed","sticky":false,"template":"","format":"standard","meta":{"footnotes":""},"categories":[11],"tags":[77,76],"class_list":["post-5474","post","type-post","status-publish","format-standard","has-post-thumbnail","hentry","category-bombeo-solar","tag-energia-electrica","tag-parque-solar"],"_links":{"self":[{"href":"https:\/\/enerone.com.ar\/energia-renovable\/wp-json\/wp\/v2\/posts\/5474","targetHints":{"allow":["GET"]}}],"collection":[{"href":"https:\/\/enerone.com.ar\/energia-renovable\/wp-json\/wp\/v2\/posts"}],"about":[{"href":"https:\/\/enerone.com.ar\/energia-renovable\/wp-json\/wp\/v2\/types\/post"}],"author":[{"embeddable":true,"href":"https:\/\/enerone.com.ar\/energia-renovable\/wp-json\/wp\/v2\/users\/3"}],"replies":[{"embeddable":true,"href":"https:\/\/enerone.com.ar\/energia-renovable\/wp-json\/wp\/v2\/comments?post=5474"}],"version-history":[{"count":0,"href":"https:\/\/enerone.com.ar\/energia-renovable\/wp-json\/wp\/v2\/posts\/5474\/revisions"}],"wp:featuredmedia":[{"embeddable":true,"href":"https:\/\/enerone.com.ar\/energia-renovable\/wp-json\/wp\/v2\/media\/5456"}],"wp:attachment":[{"href":"https:\/\/enerone.com.ar\/energia-renovable\/wp-json\/wp\/v2\/media?parent=5474"}],"wp:term":[{"taxonomy":"category","embeddable":true,"href":"https:\/\/enerone.com.ar\/energia-renovable\/wp-json\/wp\/v2\/categories?post=5474"},{"taxonomy":"post_tag","embeddable":true,"href":"https:\/\/enerone.com.ar\/energia-renovable\/wp-json\/wp\/v2\/tags?post=5474"}],"curies":[{"name":"wp","href":"https:\/\/api.w.org\/{rel}","templated":true}]}}