{"id":5460,"date":"2019-11-22T23:01:54","date_gmt":"2019-11-22T23:01:54","guid":{"rendered":"https:\/\/www.enerone.com.ar\/?p=5460"},"modified":"2019-11-22T23:01:56","modified_gmt":"2019-11-22T23:01:56","slug":"instalamos-un-sistema-residencial-en-la-localidad-de-monte-buey","status":"publish","type":"post","link":"https:\/\/enerone.com.ar\/energia-renovable\/instalamos-un-sistema-residencial-en-la-localidad-de-monte-buey\/","title":{"rendered":"Instalamos un sistema residencial en la localidad de Monte Buey"},"content":{"rendered":"\n<p> En el marco de la Ley de Generaci\u00f3n Distribuida, instalamos un sistema residencial en la localidad de Monte Buey. Inversor SMA Sunny Boy 2.5 con 6 paneles solares Jinko 325 Wp cada uno. El primer usuario-generador de Monte Buey est\u00e1 tramitando la instalaci\u00f3n del medidor bidireccional para poder generar su energ\u00eda e inyectar a la red (vender) sus excedentes. Gracias Roque por confiar en EnerOne!! <\/p>\n\n\n\n<figure class=\"wp-block-gallery columns-1 is-cropped wp-block-gallery-1 is-layout-flex wp-block-gallery-is-layout-flex\"><ul class=\"blocks-gallery-grid\"><li class=\"blocks-gallery-item\"><figure><img fetchpriority=\"high\" decoding=\"async\" width=\"959\" height=\"540\" src=\"https:\/\/enerone.com.ar\/energia-renovable\/wp-content\/uploads\/2019\/11\/Instalamos-un-sistema-residencial-1.jpg\" alt=\"\" data-id=\"5461\" data-full-url=\"https:\/\/enerone.com.ar\/energia-renovable\/wp-content\/uploads\/2019\/11\/Instalamos-un-sistema-residencial-1.jpg\" data-link=\"https:\/\/enerone.com.ar\/energia-renovable\/?attachment_id=5461\" class=\"wp-image-5461\" srcset=\"https:\/\/enerone.com.ar\/energia-renovable\/wp-content\/uploads\/2019\/11\/Instalamos-un-sistema-residencial-1.jpg 959w, https:\/\/enerone.com.ar\/energia-renovable\/wp-content\/uploads\/2019\/11\/Instalamos-un-sistema-residencial-1-300x169.jpg 300w, https:\/\/enerone.com.ar\/energia-renovable\/wp-content\/uploads\/2019\/11\/Instalamos-un-sistema-residencial-1-768x432.jpg 768w, https:\/\/enerone.com.ar\/energia-renovable\/wp-content\/uploads\/2019\/11\/Instalamos-un-sistema-residencial-1-600x338.jpg 600w\" sizes=\"(max-width: 959px) 100vw, 959px\" \/><\/figure><\/li><li class=\"blocks-gallery-item\"><figure><img decoding=\"async\" width=\"1024\" height=\"576\" src=\"https:\/\/enerone.com.ar\/energia-renovable\/wp-content\/uploads\/2019\/11\/Instalamos-un-sistema-residencial-2.jpg\" alt=\"\" data-id=\"5462\" data-full-url=\"https:\/\/enerone.com.ar\/energia-renovable\/wp-content\/uploads\/2019\/11\/Instalamos-un-sistema-residencial-2.jpg\" data-link=\"https:\/\/enerone.com.ar\/energia-renovable\/?attachment_id=5462\" class=\"wp-image-5462\" srcset=\"https:\/\/enerone.com.ar\/energia-renovable\/wp-content\/uploads\/2019\/11\/Instalamos-un-sistema-residencial-2.jpg 1024w, https:\/\/enerone.com.ar\/energia-renovable\/wp-content\/uploads\/2019\/11\/Instalamos-un-sistema-residencial-2-300x169.jpg 300w, https:\/\/enerone.com.ar\/energia-renovable\/wp-content\/uploads\/2019\/11\/Instalamos-un-sistema-residencial-2-768x432.jpg 768w, https:\/\/enerone.com.ar\/energia-renovable\/wp-content\/uploads\/2019\/11\/Instalamos-un-sistema-residencial-2-600x338.jpg 600w\" sizes=\"(max-width: 1024px) 100vw, 1024px\" \/><\/figure><\/li><li class=\"blocks-gallery-item\"><figure><img decoding=\"async\" width=\"959\" height=\"540\" src=\"https:\/\/enerone.com.ar\/energia-renovable\/wp-content\/uploads\/2019\/11\/Instalamos-un-sistema-residencial-3.jpg\" alt=\"\" data-id=\"5463\" data-full-url=\"https:\/\/enerone.com.ar\/energia-renovable\/wp-content\/uploads\/2019\/11\/Instalamos-un-sistema-residencial-3.jpg\" data-link=\"https:\/\/enerone.com.ar\/energia-renovable\/?attachment_id=5463\" class=\"wp-image-5463\" srcset=\"https:\/\/enerone.com.ar\/energia-renovable\/wp-content\/uploads\/2019\/11\/Instalamos-un-sistema-residencial-3.jpg 959w, https:\/\/enerone.com.ar\/energia-renovable\/wp-content\/uploads\/2019\/11\/Instalamos-un-sistema-residencial-3-300x169.jpg 300w, https:\/\/enerone.com.ar\/energia-renovable\/wp-content\/uploads\/2019\/11\/Instalamos-un-sistema-residencial-3-768x432.jpg 768w, https:\/\/enerone.com.ar\/energia-renovable\/wp-content\/uploads\/2019\/11\/Instalamos-un-sistema-residencial-3-600x338.jpg 600w\" sizes=\"(max-width: 959px) 100vw, 959px\" \/><\/figure><\/li><\/ul><\/figure>\n","protected":false},"excerpt":{"rendered":"<p>En el marco de la Ley de Generaci\u00f3n Distribuida, instalamos un sistema residencial en la localidad de Monte Buey. Inversor SMA Sunny Boy 2.5 con 6 paneles solares Jinko 325 Wp cada uno. El primer usuario-generador de Monte Buey est\u00e1 tramitando la instalaci\u00f3n del medidor bidireccional para poder generar su energ\u00eda e inyectar a la [&hellip;]<\/p>\n","protected":false},"author":3,"featured_media":5462,"comment_status":"closed","ping_status":"closed","sticky":false,"template":"","format":"standard","meta":{"footnotes":""},"categories":[52],"tags":[71,72],"class_list":["post-5460","post","type-post","status-publish","format-standard","has-post-thumbnail","hentry","category-fotovoltaica","tag-ley-de-generacion-distribuida","tag-paneles-solares"],"_links":{"self":[{"href":"https:\/\/enerone.com.ar\/energia-renovable\/wp-json\/wp\/v2\/posts\/5460","targetHints":{"allow":["GET"]}}],"collection":[{"href":"https:\/\/enerone.com.ar\/energia-renovable\/wp-json\/wp\/v2\/posts"}],"about":[{"href":"https:\/\/enerone.com.ar\/energia-renovable\/wp-json\/wp\/v2\/types\/post"}],"author":[{"embeddable":true,"href":"https:\/\/enerone.com.ar\/energia-renovable\/wp-json\/wp\/v2\/users\/3"}],"replies":[{"embeddable":true,"href":"https:\/\/enerone.com.ar\/energia-renovable\/wp-json\/wp\/v2\/comments?post=5460"}],"version-history":[{"count":0,"href":"https:\/\/enerone.com.ar\/energia-renovable\/wp-json\/wp\/v2\/posts\/5460\/revisions"}],"wp:featuredmedia":[{"embeddable":true,"href":"https:\/\/enerone.com.ar\/energia-renovable\/wp-json\/wp\/v2\/media\/5462"}],"wp:attachment":[{"href":"https:\/\/enerone.com.ar\/energia-renovable\/wp-json\/wp\/v2\/media?parent=5460"}],"wp:term":[{"taxonomy":"category","embeddable":true,"href":"https:\/\/enerone.com.ar\/energia-renovable\/wp-json\/wp\/v2\/categories?post=5460"},{"taxonomy":"post_tag","embeddable":true,"href":"https:\/\/enerone.com.ar\/energia-renovable\/wp-json\/wp\/v2\/tags?post=5460"}],"curies":[{"name":"wp","href":"https:\/\/api.w.org\/{rel}","templated":true}]}}