{"id":5448,"date":"2019-11-22T03:03:55","date_gmt":"2019-11-22T03:03:55","guid":{"rendered":"https:\/\/www.enerone.com.ar\/?p=5448"},"modified":"2019-11-22T03:03:58","modified_gmt":"2019-11-22T03:03:58","slug":"enerone-estuvo-presente-con-un-stand-en-la-jornadas-nacionales-de-alfalfa","status":"publish","type":"post","link":"https:\/\/enerone.com.ar\/energia-renovable\/enerone-estuvo-presente-con-un-stand-en-la-jornadas-nacionales-de-alfalfa\/","title":{"rendered":"EnerOne estuvo presente con un stand en la Jornadas Nacionales de Alfalfa"},"content":{"rendered":"\n<p> EnerOne estuvo presente con un stand en la Jornadas Nacionales de Alfalfa, realizadas en la Universidad Nacional de Villa Mar\u00eda. Donde se generaron importantes consultas relativas a sistemas de bombeo solar, sistemas de generaci\u00f3n de energ\u00eda el\u00e9ctrica, riego con sistemas solares, etc. <\/p>\n\n\n\n<figure class=\"wp-block-gallery columns-1 is-cropped wp-block-gallery-1 is-layout-flex wp-block-gallery-is-layout-flex\"><ul class=\"blocks-gallery-grid\"><li class=\"blocks-gallery-item\"><figure><img fetchpriority=\"high\" decoding=\"async\" width=\"1024\" height=\"576\" src=\"https:\/\/enerone.com.ar\/energia-renovable\/wp-content\/uploads\/2019\/11\/EnerOne-estuvo-presente-con-un-stand-en-la-Jornadas-Nacionales-de-Alfalfa-1.jpg\" alt=\"\" data-id=\"5449\" data-full-url=\"https:\/\/enerone.com.ar\/energia-renovable\/wp-content\/uploads\/2019\/11\/EnerOne-estuvo-presente-con-un-stand-en-la-Jornadas-Nacionales-de-Alfalfa-1.jpg\" data-link=\"https:\/\/enerone.com.ar\/energia-renovable\/?attachment_id=5449\" class=\"wp-image-5449\" srcset=\"https:\/\/enerone.com.ar\/energia-renovable\/wp-content\/uploads\/2019\/11\/EnerOne-estuvo-presente-con-un-stand-en-la-Jornadas-Nacionales-de-Alfalfa-1.jpg 1024w, https:\/\/enerone.com.ar\/energia-renovable\/wp-content\/uploads\/2019\/11\/EnerOne-estuvo-presente-con-un-stand-en-la-Jornadas-Nacionales-de-Alfalfa-1-300x169.jpg 300w, https:\/\/enerone.com.ar\/energia-renovable\/wp-content\/uploads\/2019\/11\/EnerOne-estuvo-presente-con-un-stand-en-la-Jornadas-Nacionales-de-Alfalfa-1-768x432.jpg 768w, https:\/\/enerone.com.ar\/energia-renovable\/wp-content\/uploads\/2019\/11\/EnerOne-estuvo-presente-con-un-stand-en-la-Jornadas-Nacionales-de-Alfalfa-1-600x338.jpg 600w\" sizes=\"(max-width: 1024px) 100vw, 1024px\" \/><\/figure><\/li><li class=\"blocks-gallery-item\"><figure><img decoding=\"async\" width=\"720\" height=\"960\" src=\"https:\/\/enerone.com.ar\/energia-renovable\/wp-content\/uploads\/2019\/11\/EnerOne-estuvo-presente-con-un-stand-en-la-Jornadas-Nacionales-de-Alfalfa-2.jpg\" alt=\"\" data-id=\"5450\" data-full-url=\"https:\/\/enerone.com.ar\/energia-renovable\/wp-content\/uploads\/2019\/11\/EnerOne-estuvo-presente-con-un-stand-en-la-Jornadas-Nacionales-de-Alfalfa-2.jpg\" data-link=\"https:\/\/enerone.com.ar\/energia-renovable\/?attachment_id=5450\" class=\"wp-image-5450\" srcset=\"https:\/\/enerone.com.ar\/energia-renovable\/wp-content\/uploads\/2019\/11\/EnerOne-estuvo-presente-con-un-stand-en-la-Jornadas-Nacionales-de-Alfalfa-2.jpg 720w, https:\/\/enerone.com.ar\/energia-renovable\/wp-content\/uploads\/2019\/11\/EnerOne-estuvo-presente-con-un-stand-en-la-Jornadas-Nacionales-de-Alfalfa-2-225x300.jpg 225w, https:\/\/enerone.com.ar\/energia-renovable\/wp-content\/uploads\/2019\/11\/EnerOne-estuvo-presente-con-un-stand-en-la-Jornadas-Nacionales-de-Alfalfa-2-600x800.jpg 600w\" sizes=\"(max-width: 720px) 100vw, 720px\" \/><\/figure><\/li><li class=\"blocks-gallery-item\"><figure><img decoding=\"async\" width=\"960\" height=\"720\" src=\"https:\/\/enerone.com.ar\/energia-renovable\/wp-content\/uploads\/2019\/11\/EnerOne-estuvo-presente-con-un-stand-en-la-Jornadas-Nacionales-de-Alfalfa-3.jpg\" alt=\"\" data-id=\"5451\" data-full-url=\"https:\/\/enerone.com.ar\/energia-renovable\/wp-content\/uploads\/2019\/11\/EnerOne-estuvo-presente-con-un-stand-en-la-Jornadas-Nacionales-de-Alfalfa-3.jpg\" data-link=\"https:\/\/enerone.com.ar\/energia-renovable\/?attachment_id=5451\" class=\"wp-image-5451\" srcset=\"https:\/\/enerone.com.ar\/energia-renovable\/wp-content\/uploads\/2019\/11\/EnerOne-estuvo-presente-con-un-stand-en-la-Jornadas-Nacionales-de-Alfalfa-3.jpg 960w, https:\/\/enerone.com.ar\/energia-renovable\/wp-content\/uploads\/2019\/11\/EnerOne-estuvo-presente-con-un-stand-en-la-Jornadas-Nacionales-de-Alfalfa-3-300x225.jpg 300w, https:\/\/enerone.com.ar\/energia-renovable\/wp-content\/uploads\/2019\/11\/EnerOne-estuvo-presente-con-un-stand-en-la-Jornadas-Nacionales-de-Alfalfa-3-768x576.jpg 768w, https:\/\/enerone.com.ar\/energia-renovable\/wp-content\/uploads\/2019\/11\/EnerOne-estuvo-presente-con-un-stand-en-la-Jornadas-Nacionales-de-Alfalfa-3-480x360.jpg 480w, https:\/\/enerone.com.ar\/energia-renovable\/wp-content\/uploads\/2019\/11\/EnerOne-estuvo-presente-con-un-stand-en-la-Jornadas-Nacionales-de-Alfalfa-3-600x450.jpg 600w\" sizes=\"(max-width: 960px) 100vw, 960px\" \/><\/figure><\/li><li class=\"blocks-gallery-item\"><figure><img loading=\"lazy\" decoding=\"async\" width=\"960\" height=\"720\" src=\"https:\/\/enerone.com.ar\/energia-renovable\/wp-content\/uploads\/2019\/11\/EnerOne-estuvo-presente-con-un-stand-en-la-Jornadas-Nacionales-de-Alfalfa-4.jpg\" alt=\"\" data-id=\"5452\" data-full-url=\"https:\/\/enerone.com.ar\/energia-renovable\/wp-content\/uploads\/2019\/11\/EnerOne-estuvo-presente-con-un-stand-en-la-Jornadas-Nacionales-de-Alfalfa-4.jpg\" data-link=\"https:\/\/enerone.com.ar\/energia-renovable\/?attachment_id=5452\" class=\"wp-image-5452\" srcset=\"https:\/\/enerone.com.ar\/energia-renovable\/wp-content\/uploads\/2019\/11\/EnerOne-estuvo-presente-con-un-stand-en-la-Jornadas-Nacionales-de-Alfalfa-4.jpg 960w, https:\/\/enerone.com.ar\/energia-renovable\/wp-content\/uploads\/2019\/11\/EnerOne-estuvo-presente-con-un-stand-en-la-Jornadas-Nacionales-de-Alfalfa-4-300x225.jpg 300w, https:\/\/enerone.com.ar\/energia-renovable\/wp-content\/uploads\/2019\/11\/EnerOne-estuvo-presente-con-un-stand-en-la-Jornadas-Nacionales-de-Alfalfa-4-768x576.jpg 768w, https:\/\/enerone.com.ar\/energia-renovable\/wp-content\/uploads\/2019\/11\/EnerOne-estuvo-presente-con-un-stand-en-la-Jornadas-Nacionales-de-Alfalfa-4-480x360.jpg 480w, https:\/\/enerone.com.ar\/energia-renovable\/wp-content\/uploads\/2019\/11\/EnerOne-estuvo-presente-con-un-stand-en-la-Jornadas-Nacionales-de-Alfalfa-4-600x450.jpg 600w\" sizes=\"(max-width: 960px) 100vw, 960px\" \/><\/figure><\/li><\/ul><\/figure>\n","protected":false},"excerpt":{"rendered":"<p>EnerOne estuvo presente con un stand en la Jornadas Nacionales de Alfalfa, realizadas en la Universidad Nacional de Villa Mar\u00eda. Donde se generaron importantes consultas relativas a sistemas de bombeo solar, sistemas de generaci\u00f3n de energ\u00eda el\u00e9ctrica, riego con sistemas solares, etc.<\/p>\n","protected":false},"author":3,"featured_media":5449,"comment_status":"closed","ping_status":"closed","sticky":false,"template":"","format":"standard","meta":{"footnotes":""},"categories":[66],"tags":[67,69,68,70],"class_list":["post-5448","post","type-post","status-publish","format-standard","has-post-thumbnail","hentry","category-jornadas","tag-jornadas-nacionales-de-alfalfa","tag-riego-con-sistemas-solares","tag-sistemas-de-bombeo-solar","tag-sistemas-de-generacion-de-energia-electrica"],"_links":{"self":[{"href":"https:\/\/enerone.com.ar\/energia-renovable\/wp-json\/wp\/v2\/posts\/5448","targetHints":{"allow":["GET"]}}],"collection":[{"href":"https:\/\/enerone.com.ar\/energia-renovable\/wp-json\/wp\/v2\/posts"}],"about":[{"href":"https:\/\/enerone.com.ar\/energia-renovable\/wp-json\/wp\/v2\/types\/post"}],"author":[{"embeddable":true,"href":"https:\/\/enerone.com.ar\/energia-renovable\/wp-json\/wp\/v2\/users\/3"}],"replies":[{"embeddable":true,"href":"https:\/\/enerone.com.ar\/energia-renovable\/wp-json\/wp\/v2\/comments?post=5448"}],"version-history":[{"count":0,"href":"https:\/\/enerone.com.ar\/energia-renovable\/wp-json\/wp\/v2\/posts\/5448\/revisions"}],"wp:featuredmedia":[{"embeddable":true,"href":"https:\/\/enerone.com.ar\/energia-renovable\/wp-json\/wp\/v2\/media\/5449"}],"wp:attachment":[{"href":"https:\/\/enerone.com.ar\/energia-renovable\/wp-json\/wp\/v2\/media?parent=5448"}],"wp:term":[{"taxonomy":"category","embeddable":true,"href":"https:\/\/enerone.com.ar\/energia-renovable\/wp-json\/wp\/v2\/categories?post=5448"},{"taxonomy":"post_tag","embeddable":true,"href":"https:\/\/enerone.com.ar\/energia-renovable\/wp-json\/wp\/v2\/tags?post=5448"}],"curies":[{"name":"wp","href":"https:\/\/api.w.org\/{rel}","templated":true}]}}