{"id":5441,"date":"2019-11-22T02:55:05","date_gmt":"2019-11-22T02:55:05","guid":{"rendered":"https:\/\/www.enerone.com.ar\/?p=5441"},"modified":"2019-11-22T02:55:08","modified_gmt":"2019-11-22T02:55:08","slug":"enerone-participo-del-primer-encuentro-de-base-municipal","status":"publish","type":"post","link":"https:\/\/enerone.com.ar\/energia-renovable\/enerone-participo-del-primer-encuentro-de-base-municipal\/","title":{"rendered":"Enerone particip\u00f3 del Primer Encuentro de base municipal"},"content":{"rendered":"\n<p>D\u00edas atr\u00e1s fuimos parte del Primer Encuentro de base municipal acerca de la \u00abIndustrializaci\u00f3n de la cadena productiva agro-alimentaria en Corrientes\u00bb. Jornada que se llevo a cabo en la Municipalidad El Sombrero. All\u00ed en conjunto con nuestros representantes, Agora Ibera Events, presentamos nuestras tecnolog\u00edas en renovables.<\/p>\n\n\n\n<p>En particular los equipos deshidratadores y secadores con emisores infrarrojos lejano, tecnolog\u00eda introducida a nuestro pa\u00eds por EnerOne, que permite el deshidratado de cualquier tipo de alimento, desde frutas, verduras, plantas arom\u00e1ticas, carnes, pescados, etc.<\/p>\n\n\n\n<figure class=\"wp-block-gallery columns-1 is-cropped wp-block-gallery-1 is-layout-flex wp-block-gallery-is-layout-flex\"><ul class=\"blocks-gallery-grid\"><li class=\"blocks-gallery-item\"><figure><img fetchpriority=\"high\" decoding=\"async\" width=\"960\" height=\"720\" src=\"https:\/\/enerone.com.ar\/energia-renovable\/wp-content\/uploads\/2019\/11\/Enerone-particip\u00f3-del-Primer-Encuentro-de-base-municipal-1.jpg\" alt=\"\" data-id=\"5442\" data-full-url=\"https:\/\/enerone.com.ar\/energia-renovable\/wp-content\/uploads\/2019\/11\/Enerone-particip\u00f3-del-Primer-Encuentro-de-base-municipal-1.jpg\" data-link=\"https:\/\/enerone.com.ar\/energia-renovable\/?attachment_id=5442\" class=\"wp-image-5442\" srcset=\"https:\/\/enerone.com.ar\/energia-renovable\/wp-content\/uploads\/2019\/11\/Enerone-particip\u00f3-del-Primer-Encuentro-de-base-municipal-1.jpg 960w, https:\/\/enerone.com.ar\/energia-renovable\/wp-content\/uploads\/2019\/11\/Enerone-particip\u00f3-del-Primer-Encuentro-de-base-municipal-1-300x225.jpg 300w, https:\/\/enerone.com.ar\/energia-renovable\/wp-content\/uploads\/2019\/11\/Enerone-particip\u00f3-del-Primer-Encuentro-de-base-municipal-1-768x576.jpg 768w, https:\/\/enerone.com.ar\/energia-renovable\/wp-content\/uploads\/2019\/11\/Enerone-particip\u00f3-del-Primer-Encuentro-de-base-municipal-1-480x360.jpg 480w, https:\/\/enerone.com.ar\/energia-renovable\/wp-content\/uploads\/2019\/11\/Enerone-particip\u00f3-del-Primer-Encuentro-de-base-municipal-1-600x450.jpg 600w\" sizes=\"(max-width: 960px) 100vw, 960px\" \/><\/figure><\/li><li class=\"blocks-gallery-item\"><figure><img decoding=\"async\" width=\"960\" height=\"720\" src=\"https:\/\/enerone.com.ar\/energia-renovable\/wp-content\/uploads\/2019\/11\/Enerone-particip\u00f3-del-Primer-Encuentro-de-base-municipal-3.jpg\" alt=\"\" data-id=\"5443\" data-full-url=\"https:\/\/enerone.com.ar\/energia-renovable\/wp-content\/uploads\/2019\/11\/Enerone-particip\u00f3-del-Primer-Encuentro-de-base-municipal-3.jpg\" data-link=\"https:\/\/enerone.com.ar\/energia-renovable\/?attachment_id=5443\" class=\"wp-image-5443\" srcset=\"https:\/\/enerone.com.ar\/energia-renovable\/wp-content\/uploads\/2019\/11\/Enerone-particip\u00f3-del-Primer-Encuentro-de-base-municipal-3.jpg 960w, https:\/\/enerone.com.ar\/energia-renovable\/wp-content\/uploads\/2019\/11\/Enerone-particip\u00f3-del-Primer-Encuentro-de-base-municipal-3-300x225.jpg 300w, https:\/\/enerone.com.ar\/energia-renovable\/wp-content\/uploads\/2019\/11\/Enerone-particip\u00f3-del-Primer-Encuentro-de-base-municipal-3-768x576.jpg 768w, https:\/\/enerone.com.ar\/energia-renovable\/wp-content\/uploads\/2019\/11\/Enerone-particip\u00f3-del-Primer-Encuentro-de-base-municipal-3-480x360.jpg 480w, https:\/\/enerone.com.ar\/energia-renovable\/wp-content\/uploads\/2019\/11\/Enerone-particip\u00f3-del-Primer-Encuentro-de-base-municipal-3-600x450.jpg 600w\" sizes=\"(max-width: 960px) 100vw, 960px\" \/><\/figure><\/li><li class=\"blocks-gallery-item\"><figure><img decoding=\"async\" width=\"960\" height=\"540\" src=\"https:\/\/enerone.com.ar\/energia-renovable\/wp-content\/uploads\/2019\/11\/Enerone-particip\u00f3-del-Primer-Encuentro-de-base-municipal-4.jpg\" alt=\"\" data-id=\"5444\" data-full-url=\"https:\/\/enerone.com.ar\/energia-renovable\/wp-content\/uploads\/2019\/11\/Enerone-particip\u00f3-del-Primer-Encuentro-de-base-municipal-4.jpg\" data-link=\"https:\/\/enerone.com.ar\/energia-renovable\/?attachment_id=5444\" class=\"wp-image-5444\" srcset=\"https:\/\/enerone.com.ar\/energia-renovable\/wp-content\/uploads\/2019\/11\/Enerone-particip\u00f3-del-Primer-Encuentro-de-base-municipal-4.jpg 960w, https:\/\/enerone.com.ar\/energia-renovable\/wp-content\/uploads\/2019\/11\/Enerone-particip\u00f3-del-Primer-Encuentro-de-base-municipal-4-300x169.jpg 300w, https:\/\/enerone.com.ar\/energia-renovable\/wp-content\/uploads\/2019\/11\/Enerone-particip\u00f3-del-Primer-Encuentro-de-base-municipal-4-768x432.jpg 768w, https:\/\/enerone.com.ar\/energia-renovable\/wp-content\/uploads\/2019\/11\/Enerone-particip\u00f3-del-Primer-Encuentro-de-base-municipal-4-600x338.jpg 600w\" sizes=\"(max-width: 960px) 100vw, 960px\" \/><\/figure><\/li><li class=\"blocks-gallery-item\"><figure><img loading=\"lazy\" decoding=\"async\" width=\"1024\" height=\"576\" src=\"https:\/\/enerone.com.ar\/energia-renovable\/wp-content\/uploads\/2019\/11\/Enerone-particip\u00f3-del-Primer-Encuentro-de-base-municipal-5.jpg\" alt=\"\" data-id=\"5445\" data-full-url=\"https:\/\/enerone.com.ar\/energia-renovable\/wp-content\/uploads\/2019\/11\/Enerone-particip\u00f3-del-Primer-Encuentro-de-base-municipal-5.jpg\" data-link=\"https:\/\/enerone.com.ar\/energia-renovable\/?attachment_id=5445\" class=\"wp-image-5445\" srcset=\"https:\/\/enerone.com.ar\/energia-renovable\/wp-content\/uploads\/2019\/11\/Enerone-particip\u00f3-del-Primer-Encuentro-de-base-municipal-5.jpg 1024w, https:\/\/enerone.com.ar\/energia-renovable\/wp-content\/uploads\/2019\/11\/Enerone-particip\u00f3-del-Primer-Encuentro-de-base-municipal-5-300x169.jpg 300w, https:\/\/enerone.com.ar\/energia-renovable\/wp-content\/uploads\/2019\/11\/Enerone-particip\u00f3-del-Primer-Encuentro-de-base-municipal-5-768x432.jpg 768w, https:\/\/enerone.com.ar\/energia-renovable\/wp-content\/uploads\/2019\/11\/Enerone-particip\u00f3-del-Primer-Encuentro-de-base-municipal-5-600x338.jpg 600w\" sizes=\"(max-width: 1024px) 100vw, 1024px\" \/><\/figure><\/li><li class=\"blocks-gallery-item\"><figure><img loading=\"lazy\" decoding=\"async\" width=\"720\" height=\"960\" src=\"https:\/\/enerone.com.ar\/energia-renovable\/wp-content\/uploads\/2019\/11\/Enerone-particip\u00f3-del-Primer-Encuentro-de-base-municipal-6.jpg\" alt=\"\" data-id=\"5446\" data-full-url=\"https:\/\/enerone.com.ar\/energia-renovable\/wp-content\/uploads\/2019\/11\/Enerone-particip\u00f3-del-Primer-Encuentro-de-base-municipal-6.jpg\" data-link=\"https:\/\/enerone.com.ar\/energia-renovable\/?attachment_id=5446\" class=\"wp-image-5446\" srcset=\"https:\/\/enerone.com.ar\/energia-renovable\/wp-content\/uploads\/2019\/11\/Enerone-particip\u00f3-del-Primer-Encuentro-de-base-municipal-6.jpg 720w, https:\/\/enerone.com.ar\/energia-renovable\/wp-content\/uploads\/2019\/11\/Enerone-particip\u00f3-del-Primer-Encuentro-de-base-municipal-6-225x300.jpg 225w, https:\/\/enerone.com.ar\/energia-renovable\/wp-content\/uploads\/2019\/11\/Enerone-particip\u00f3-del-Primer-Encuentro-de-base-municipal-6-600x800.jpg 600w\" sizes=\"(max-width: 720px) 100vw, 720px\" \/><\/figure><\/li><li class=\"blocks-gallery-item\"><figure><img loading=\"lazy\" decoding=\"async\" width=\"720\" height=\"960\" src=\"https:\/\/enerone.com.ar\/energia-renovable\/wp-content\/uploads\/2019\/11\/Enerone-particip\u00f3-del-Primer-Encuentro-de-base-municipal-7.jpg\" alt=\"\" data-id=\"5447\" data-full-url=\"https:\/\/enerone.com.ar\/energia-renovable\/wp-content\/uploads\/2019\/11\/Enerone-particip\u00f3-del-Primer-Encuentro-de-base-municipal-7.jpg\" data-link=\"https:\/\/enerone.com.ar\/energia-renovable\/?attachment_id=5447\" class=\"wp-image-5447\" srcset=\"https:\/\/enerone.com.ar\/energia-renovable\/wp-content\/uploads\/2019\/11\/Enerone-particip\u00f3-del-Primer-Encuentro-de-base-municipal-7.jpg 720w, https:\/\/enerone.com.ar\/energia-renovable\/wp-content\/uploads\/2019\/11\/Enerone-particip\u00f3-del-Primer-Encuentro-de-base-municipal-7-225x300.jpg 225w, https:\/\/enerone.com.ar\/energia-renovable\/wp-content\/uploads\/2019\/11\/Enerone-particip\u00f3-del-Primer-Encuentro-de-base-municipal-7-600x800.jpg 600w\" sizes=\"(max-width: 720px) 100vw, 720px\" \/><\/figure><\/li><\/ul><\/figure>\n","protected":false},"excerpt":{"rendered":"<p>D\u00edas atr\u00e1s fuimos parte del Primer Encuentro de base municipal acerca de la \u00abIndustrializaci\u00f3n de la cadena productiva agro-alimentaria en Corrientes\u00bb. Jornada que se llevo a cabo en la Municipalidad El Sombrero. All\u00ed en conjunto con nuestros representantes, Agora Ibera Events, presentamos nuestras tecnolog\u00edas en renovables. En particular los equipos deshidratadores y secadores con emisores [&hellip;]<\/p>\n","protected":false},"author":3,"featured_media":5445,"comment_status":"closed","ping_status":"closed","sticky":false,"template":"","format":"standard","meta":{"footnotes":""},"categories":[43],"tags":[65,62,63,64],"class_list":["post-5441","post","type-post","status-publish","format-standard","has-post-thumbnail","hentry","category-deshidratadores-de-productos-alimenticios","tag-enerone","tag-equipos-deshidratadores","tag-equipos-secadores","tag-secadores-con-emisores-infrarrojos-lejano"],"_links":{"self":[{"href":"https:\/\/enerone.com.ar\/energia-renovable\/wp-json\/wp\/v2\/posts\/5441","targetHints":{"allow":["GET"]}}],"collection":[{"href":"https:\/\/enerone.com.ar\/energia-renovable\/wp-json\/wp\/v2\/posts"}],"about":[{"href":"https:\/\/enerone.com.ar\/energia-renovable\/wp-json\/wp\/v2\/types\/post"}],"author":[{"embeddable":true,"href":"https:\/\/enerone.com.ar\/energia-renovable\/wp-json\/wp\/v2\/users\/3"}],"replies":[{"embeddable":true,"href":"https:\/\/enerone.com.ar\/energia-renovable\/wp-json\/wp\/v2\/comments?post=5441"}],"version-history":[{"count":0,"href":"https:\/\/enerone.com.ar\/energia-renovable\/wp-json\/wp\/v2\/posts\/5441\/revisions"}],"wp:featuredmedia":[{"embeddable":true,"href":"https:\/\/enerone.com.ar\/energia-renovable\/wp-json\/wp\/v2\/media\/5445"}],"wp:attachment":[{"href":"https:\/\/enerone.com.ar\/energia-renovable\/wp-json\/wp\/v2\/media?parent=5441"}],"wp:term":[{"taxonomy":"category","embeddable":true,"href":"https:\/\/enerone.com.ar\/energia-renovable\/wp-json\/wp\/v2\/categories?post=5441"},{"taxonomy":"post_tag","embeddable":true,"href":"https:\/\/enerone.com.ar\/energia-renovable\/wp-json\/wp\/v2\/tags?post=5441"}],"curies":[{"name":"wp","href":"https:\/\/api.w.org\/{rel}","templated":true}]}}