{"id":5348,"date":"2019-07-15T14:30:55","date_gmt":"2019-07-15T14:30:55","guid":{"rendered":"https:\/\/www.enerone.com.ar\/?p=5348"},"modified":"2019-08-02T20:16:40","modified_gmt":"2019-08-02T20:16:40","slug":"enerone-participa-en-la-feria-del-libro-en-corrientes","status":"publish","type":"post","link":"https:\/\/enerone.com.ar\/energia-renovable\/enerone-participa-en-la-feria-del-libro-en-corrientes\/","title":{"rendered":"EnerOne participa en la Feria del Libro en Corrientes"},"content":{"rendered":"<p>EnerOne est\u00e1 participando en la Feria del Libro en Corrientes Capital, desde el 12 al 26 de julio en un stand presentando la industrializaci\u00f3n de la Cadena Agroalimentaria en el NEA, aplicando la innovaci\u00f3n tecnol\u00f3gica de IRCONFORT para el deshidratado de frutas y hortalizas mediante rayos infrarrojos lejanos. Tecnolog\u00eda in\u00e9dita en nuestro pa\u00eds.<\/p>\n<p><img fetchpriority=\"high\" decoding=\"async\" class=\"alignnone size-full wp-image-5350\" src=\"https:\/\/enerone.com.ar\/energia-renovable\/wp-content\/uploads\/2019\/08\/enerone-en-la-feria-del-libro-de-corrientes-2.jpg\" alt=\"\" width=\"1024\" height=\"684\" srcset=\"https:\/\/enerone.com.ar\/energia-renovable\/wp-content\/uploads\/2019\/08\/enerone-en-la-feria-del-libro-de-corrientes-2.jpg 1024w, https:\/\/enerone.com.ar\/energia-renovable\/wp-content\/uploads\/2019\/08\/enerone-en-la-feria-del-libro-de-corrientes-2-300x200.jpg 300w, https:\/\/enerone.com.ar\/energia-renovable\/wp-content\/uploads\/2019\/08\/enerone-en-la-feria-del-libro-de-corrientes-2-768x513.jpg 768w, https:\/\/enerone.com.ar\/energia-renovable\/wp-content\/uploads\/2019\/08\/enerone-en-la-feria-del-libro-de-corrientes-2-600x401.jpg 600w\" sizes=\"(max-width: 1024px) 100vw, 1024px\" \/><\/p>\n<p><img decoding=\"async\" class=\"alignnone size-full wp-image-5351\" src=\"https:\/\/enerone.com.ar\/energia-renovable\/wp-content\/uploads\/2019\/08\/enerone-en-la-feria-del-libro-de-corrientes-3.jpg\" alt=\"\" width=\"1024\" height=\"684\" srcset=\"https:\/\/enerone.com.ar\/energia-renovable\/wp-content\/uploads\/2019\/08\/enerone-en-la-feria-del-libro-de-corrientes-3.jpg 1024w, https:\/\/enerone.com.ar\/energia-renovable\/wp-content\/uploads\/2019\/08\/enerone-en-la-feria-del-libro-de-corrientes-3-300x200.jpg 300w, https:\/\/enerone.com.ar\/energia-renovable\/wp-content\/uploads\/2019\/08\/enerone-en-la-feria-del-libro-de-corrientes-3-768x513.jpg 768w, https:\/\/enerone.com.ar\/energia-renovable\/wp-content\/uploads\/2019\/08\/enerone-en-la-feria-del-libro-de-corrientes-3-600x401.jpg 600w\" sizes=\"(max-width: 1024px) 100vw, 1024px\" \/><\/p>\n","protected":false},"excerpt":{"rendered":"<p>EnerOne est\u00e1 participando en la Feria del Libro en Corrientes Capital, desde el 12 al 26 de julio en un stand presentando la industrializaci\u00f3n de la Cadena Agroalimentaria en el NEA, aplicando la innovaci\u00f3n tecnol\u00f3gica de IRCONFORT para el deshidratado de frutas y hortalizas mediante rayos infrarrojos lejanos. Tecnolog\u00eda in\u00e9dita en nuestro pa\u00eds.<\/p>\n","protected":false},"author":3,"featured_media":5349,"comment_status":"closed","ping_status":"closed","sticky":false,"template":"","format":"standard","meta":{"footnotes":""},"categories":[43],"tags":[47,45,58,59],"class_list":["post-5348","post","type-post","status-publish","format-standard","has-post-thumbnail","hentry","category-deshidratadores-de-productos-alimenticios","tag-corrientes","tag-deshidratadores","tag-feria-del-libro","tag-ir-confort"],"_links":{"self":[{"href":"https:\/\/enerone.com.ar\/energia-renovable\/wp-json\/wp\/v2\/posts\/5348","targetHints":{"allow":["GET"]}}],"collection":[{"href":"https:\/\/enerone.com.ar\/energia-renovable\/wp-json\/wp\/v2\/posts"}],"about":[{"href":"https:\/\/enerone.com.ar\/energia-renovable\/wp-json\/wp\/v2\/types\/post"}],"author":[{"embeddable":true,"href":"https:\/\/enerone.com.ar\/energia-renovable\/wp-json\/wp\/v2\/users\/3"}],"replies":[{"embeddable":true,"href":"https:\/\/enerone.com.ar\/energia-renovable\/wp-json\/wp\/v2\/comments?post=5348"}],"version-history":[{"count":0,"href":"https:\/\/enerone.com.ar\/energia-renovable\/wp-json\/wp\/v2\/posts\/5348\/revisions"}],"wp:featuredmedia":[{"embeddable":true,"href":"https:\/\/enerone.com.ar\/energia-renovable\/wp-json\/wp\/v2\/media\/5349"}],"wp:attachment":[{"href":"https:\/\/enerone.com.ar\/energia-renovable\/wp-json\/wp\/v2\/media?parent=5348"}],"wp:term":[{"taxonomy":"category","embeddable":true,"href":"https:\/\/enerone.com.ar\/energia-renovable\/wp-json\/wp\/v2\/categories?post=5348"},{"taxonomy":"post_tag","embeddable":true,"href":"https:\/\/enerone.com.ar\/energia-renovable\/wp-json\/wp\/v2\/tags?post=5348"}],"curies":[{"name":"wp","href":"https:\/\/api.w.org\/{rel}","templated":true}]}}