{"id":5335,"date":"2019-06-11T19:07:06","date_gmt":"2019-06-11T19:07:06","guid":{"rendered":"https:\/\/www.enerone.com.ar\/?p=5335"},"modified":"2019-08-02T19:09:33","modified_gmt":"2019-08-02T19:09:33","slug":"i-jornadas-de-formacion-tecnica-sobre-industrializacion-de-la-cadena-productiva-agro-alimentaria-en-corrientes","status":"publish","type":"post","link":"https:\/\/enerone.com.ar\/energia-renovable\/i-jornadas-de-formacion-tecnica-sobre-industrializacion-de-la-cadena-productiva-agro-alimentaria-en-corrientes\/","title":{"rendered":"I Jornadas de Formaci\u00f3n T\u00e9cnica sobre \u201cIndustrializaci\u00f3n de la Cadena Productiva Agro-Alimentaria en Corrientes"},"content":{"rendered":"<p>EnerOne est\u00e1 participando de las \u00abI Jornadas de Formaci\u00f3n T\u00e9cnica sobre \u201cIndustrializaci\u00f3n de la Cadena Productiva Agro-Alimentaria en Corrientes\u201d All\u00ed estamos presentando la tecnolog\u00eda de Infrarrojos Lejanos con aplicaci\u00f3n a la conservaci\u00f3n de alimentos.<\/p>\n<p>Lugar: Corriente Capital<\/p>\n<p>Local: Sal\u00f3n de Conferencia del Ministerio de la Producci\u00f3n sito en Per\u00fa 982<\/p>\n<p>Fechas y Horario: 10 de junio 2019, desde las 14 hs a las 17 hs y 11 de Junio 2019,desde las 9 hs a las 12 hs.<\/p>\n","protected":false},"excerpt":{"rendered":"<p>EnerOne est\u00e1 participando de las \u00abI Jornadas de Formaci\u00f3n T\u00e9cnica sobre \u201cIndustrializaci\u00f3n de la Cadena Productiva Agro-Alimentaria en Corrientes\u201d All\u00ed estamos presentando la tecnolog\u00eda de Infrarrojos Lejanos con aplicaci\u00f3n a la conservaci\u00f3n de alimentos. Lugar: Corriente Capital Local: Sal\u00f3n de Conferencia del Ministerio de la Producci\u00f3n sito en Per\u00fa 982 Fechas y Horario: 10 de [&hellip;]<\/p>\n","protected":false},"author":3,"featured_media":5336,"comment_status":"closed","ping_status":"closed","sticky":false,"template":"","format":"standard","meta":{"footnotes":""},"categories":[43],"tags":[47,45,46],"class_list":["post-5335","post","type-post","status-publish","format-standard","has-post-thumbnail","hentry","category-deshidratadores-de-productos-alimenticios","tag-corrientes","tag-deshidratadores","tag-jornadas"],"_links":{"self":[{"href":"https:\/\/enerone.com.ar\/energia-renovable\/wp-json\/wp\/v2\/posts\/5335","targetHints":{"allow":["GET"]}}],"collection":[{"href":"https:\/\/enerone.com.ar\/energia-renovable\/wp-json\/wp\/v2\/posts"}],"about":[{"href":"https:\/\/enerone.com.ar\/energia-renovable\/wp-json\/wp\/v2\/types\/post"}],"author":[{"embeddable":true,"href":"https:\/\/enerone.com.ar\/energia-renovable\/wp-json\/wp\/v2\/users\/3"}],"replies":[{"embeddable":true,"href":"https:\/\/enerone.com.ar\/energia-renovable\/wp-json\/wp\/v2\/comments?post=5335"}],"version-history":[{"count":0,"href":"https:\/\/enerone.com.ar\/energia-renovable\/wp-json\/wp\/v2\/posts\/5335\/revisions"}],"wp:featuredmedia":[{"embeddable":true,"href":"https:\/\/enerone.com.ar\/energia-renovable\/wp-json\/wp\/v2\/media\/5336"}],"wp:attachment":[{"href":"https:\/\/enerone.com.ar\/energia-renovable\/wp-json\/wp\/v2\/media?parent=5335"}],"wp:term":[{"taxonomy":"category","embeddable":true,"href":"https:\/\/enerone.com.ar\/energia-renovable\/wp-json\/wp\/v2\/categories?post=5335"},{"taxonomy":"post_tag","embeddable":true,"href":"https:\/\/enerone.com.ar\/energia-renovable\/wp-json\/wp\/v2\/tags?post=5335"}],"curies":[{"name":"wp","href":"https:\/\/api.w.org\/{rel}","templated":true}]}}