{"id":10129,"date":"2025-04-15T11:53:05","date_gmt":"2025-04-15T14:53:05","guid":{"rendered":"https:\/\/enerone.com.ar\/energia-renovable\/?p=10129"},"modified":"2025-04-15T11:53:05","modified_gmt":"2025-04-15T14:53:05","slug":"contourglobal-inaugura-en-chile-la-mayor-planta-fotovoltaica-con-baterias-de-america-latina","status":"publish","type":"post","link":"https:\/\/enerone.com.ar\/energia-renovable\/contourglobal-inaugura-en-chile-la-mayor-planta-fotovoltaica-con-baterias-de-america-latina\/","title":{"rendered":"ContourGlobal inaugura en Chile la mayor planta fotovoltaica con bater\u00edas de Am\u00e9rica Latina"},"content":{"rendered":"\n<p>La empresa&nbsp;<strong>ContourGlobal<\/strong>&nbsp;ha puesto en marcha la planta Quillagua, situada en la comuna de Mar\u00eda Elena, regi\u00f3n de Antofagasta. Se trata de una planta solar fotovoltaica de 221 MWp con un sistema de almacenamiento en bater\u00edas de 1.2 GWh, capaz de entregar 200 MW durante 6.2 horas despu\u00e9s de la puesta del sol, convirti\u00e9ndose as\u00ed en la planta solar con sistema de almacenamiento m\u00e1s grande de Am\u00e9rica Latina.<\/p>\n\n\n\n<p>Este hito marca la \u00faltima etapa antes de iniciar su operaci\u00f3n comercial en las pr\u00f3ximas semanas y comenzar a atender su contrato de compraventa de energ\u00eda limpia a largo plazo (PPA), asegurando el suministro de energ\u00eda solar durante la noche y despachando cualquier excedente al mercado comercial.<\/p>\n\n\n\n<p><strong>Antonio Cammisecra<\/strong>, CEO de ContourGlobal, sostuvo que \u201ces un orgullo iniciar con algunos meses de antelaci\u00f3n la operaci\u00f3n de la planta de Quillagua, que trae la energ\u00eda del sol de noche, y compartir este momento con nuestros socios, con la comunidad y con las instituciones y autoridades locales\u201d.<\/p>\n\n\n\n<p>En cuanto a la incorporaci\u00f3n de bater\u00edas de larga duraci\u00f3n, Cammisecra destac\u00f3 que esto \u201ces clave para estabilizar la red, abordando el exceso de oferta diurna y los desaf\u00edos de la demanda m\u00e1xima. Estamos muy comprometidos con este pa\u00eds y m\u00e1s all\u00e1 del almacenamiento, tambi\u00e9n estamos explorando oportunidades en energ\u00eda e\u00f3lica, diversificando nuestro enfoque tecnol\u00f3gico para satisfacer las necesidades energ\u00e9ticas din\u00e1micas de Chile\u00bb.<\/p>\n\n\n\n<figure class=\"wp-block-image\"><img decoding=\"async\" src=\"https:\/\/cdn.elperiodicodelaenergia.com\/1200w\/2025\/04\/67fdf7bd6356878bb442aa57.jpg\" alt=\"\" \/><\/figure>\n\n\n\n<h3 class=\"wp-block-heading\">Otra planta parecida en el mismo complejo<\/h3>\n\n\n\n<p>Quillagua forma parte de un desarrollo mayor que incluye otra instalaci\u00f3n similar en la regi\u00f3n de Tarapac\u00e1. Se trata de la planta V\u00edctor Jara, con 231 MWp de energ\u00eda solar fotovoltaica y 1.3 GWh de almacenamiento en bater\u00edas, y que estar\u00e1 lista en la segunda mitad del a\u00f1o con varios meses de antelaci\u00f3n con respecto al plan inicial.<\/p>\n\n\n\n<p>Ambos proyectos, con capacidad total de 452 MWp solar y 2.5 GWh de almacenamiento en bater\u00edas, fueron adquiridos a Grenergy en final del a\u00f1o pasado por ContourGlobal, en lo que represent\u00f3 el ingreso a Chile de la compa\u00f1\u00eda del fondo KKR de Estados Unidos. Una vez en plena operaci\u00f3n, este portafolio generar\u00e1 cerca de 1.300 GWh al a\u00f1o posicionando a ContourGlobal como un relevante operador renovable en Chile, un pa\u00eds donde la empresa pretende continuar creciendo e invirtiendo.<\/p>\n\n\n\n<h3 class=\"wp-block-heading\">Chile, el sitio perfecto<\/h3>\n\n\n\n<p>Esta inauguraci\u00f3n refuerza el papel de Chile como pionero en el aprovechamiento del potencial solar de sus regiones y del Desierto de Atacama, para desarrollar proyectos con almacenamiento de energ\u00eda en bater\u00edas (BESS) de larga duraci\u00f3n. Se trata de un hito en la transici\u00f3n energ\u00e9tica de Chile y Am\u00e9rica Latina, en l\u00ednea con la acelerada expansi\u00f3n global del almacenamiento en bater\u00edas, que seg\u00fan la IEA (Agencia International de la Energ\u00eda) alcanz\u00f3 los 70 GW en 2024.<\/p>\n\n\n\n<p>Adem\u00e1s, la combinaci\u00f3n de energ\u00eda solar fotovoltaica con almacenamiento ya est\u00e1 superando en competitividad a otras formas de generaci\u00f3n, consolid\u00e1ndose como la tecnolog\u00eda del futuro para un suministro energ\u00e9tico m\u00e1s flexible y de menor costo.<\/p>\n\n\n\n<p>La construcci\u00f3n de este ambicioso proyecto solar ha generado 313 empleos directos, involucrando a trabajadores de seis nacionalidades y 176 empleos indirectos. Tambi\u00e9n ha implicado el despliegue de m\u00e1s de 452.000 paneles solares, 5.000 seguidores solares, 267 m\u00f3dulos de almacenamiento en bater\u00edas, 44 centros de transformaci\u00f3n y 90 inversores, asegurando la creaci\u00f3n de casi 20 puestos de trabajo fijos para su operaci\u00f3n continua.<\/p>\n","protected":false},"excerpt":{"rendered":"<p>La planta solar fotovoltaica Quillagua posee 221 MWp de capacidad instalada y 1.2 GWh de almacenamiento. Tiene la capacidad de entregar 200 MW durante 6.2 horas despu\u00e9s de la puesta del sol, convirti\u00e9ndose as\u00ed en la planta solar con sistema de almacenamiento m\u00e1s grande de Am\u00e9rica Latina.<\/p>\n","protected":false},"author":3,"featured_media":10130,"comment_status":"open","ping_status":"open","sticky":false,"template":"","format":"standard","meta":{"footnotes":""},"categories":[1],"tags":[],"class_list":["post-10129","post","type-post","status-publish","format-standard","has-post-thumbnail","hentry","category-sin-categoria"],"_links":{"self":[{"href":"https:\/\/enerone.com.ar\/energia-renovable\/wp-json\/wp\/v2\/posts\/10129","targetHints":{"allow":["GET"]}}],"collection":[{"href":"https:\/\/enerone.com.ar\/energia-renovable\/wp-json\/wp\/v2\/posts"}],"about":[{"href":"https:\/\/enerone.com.ar\/energia-renovable\/wp-json\/wp\/v2\/types\/post"}],"author":[{"embeddable":true,"href":"https:\/\/enerone.com.ar\/energia-renovable\/wp-json\/wp\/v2\/users\/3"}],"replies":[{"embeddable":true,"href":"https:\/\/enerone.com.ar\/energia-renovable\/wp-json\/wp\/v2\/comments?post=10129"}],"version-history":[{"count":1,"href":"https:\/\/enerone.com.ar\/energia-renovable\/wp-json\/wp\/v2\/posts\/10129\/revisions"}],"predecessor-version":[{"id":10131,"href":"https:\/\/enerone.com.ar\/energia-renovable\/wp-json\/wp\/v2\/posts\/10129\/revisions\/10131"}],"wp:featuredmedia":[{"embeddable":true,"href":"https:\/\/enerone.com.ar\/energia-renovable\/wp-json\/wp\/v2\/media\/10130"}],"wp:attachment":[{"href":"https:\/\/enerone.com.ar\/energia-renovable\/wp-json\/wp\/v2\/media?parent=10129"}],"wp:term":[{"taxonomy":"category","embeddable":true,"href":"https:\/\/enerone.com.ar\/energia-renovable\/wp-json\/wp\/v2\/categories?post=10129"},{"taxonomy":"post_tag","embeddable":true,"href":"https:\/\/enerone.com.ar\/energia-renovable\/wp-json\/wp\/v2\/tags?post=10129"}],"curies":[{"name":"wp","href":"https:\/\/api.w.org\/{rel}","templated":true}]}}