{"id":10044,"date":"2025-01-15T09:05:39","date_gmt":"2025-01-15T12:05:39","guid":{"rendered":"https:\/\/enerone.com.ar\/energia-renovable\/?p=10044"},"modified":"2025-01-15T09:05:39","modified_gmt":"2025-01-15T12:05:39","slug":"justiniano-posse-mira-el-futuro-construira-un-parque-de-energia-solar","status":"publish","type":"post","link":"https:\/\/enerone.com.ar\/energia-renovable\/justiniano-posse-mira-el-futuro-construira-un-parque-de-energia-solar\/","title":{"rendered":"Justiniano Posse mira el futuro: Construir\u00e1 un parque de energ\u00eda solar\u00a0"},"content":{"rendered":"\n<p>La Cooperativa Electrica de Justiniano Posse anunci\u00f3 una inversi\u00f3n que rondar\u00e1 los 200 mil dolares para construir un parque de energ\u00eda solar. Se trata de un innovador proyecto que producir\u00e1 unos 300 kilovatios y generar\u00e1 el 5 por ciento de la energ\u00eda que consume la localidad.&nbsp;<\/p>\n\n\n\n<p>En di\u00e1logo con Radio Sudeste, Walter Gaido, presidente de la entidad, reconoci\u00f3 que pese a ser un parque grande \u201cno va a reemplazar la energ\u00eda que se consume actualmente en la localidad\u201d.&nbsp;<\/p>\n\n\n\n<p>Agreg\u00f3 adem\u00e1s que la idea del proyecto es poder desarrollarlo con \u201cpersonal propio\u201d pese a las propuestas de empresas de entregarlo \u201cllave en mano\u201d. &nbsp;<\/p>\n\n\n\n<p>El objetivo es poder \u201cimportar los insumos\u201d necesarios para desarrollar el proyecto y que \u201carmar el propio parque sea una experiencia a futuro\u201d.&nbsp;<\/p>\n\n\n\n<p>Tambi\u00e9n, reconoci\u00f3 que esta propuesta de energ\u00eda limpia beneficiar\u00e1 a instituciones deportivas y educativas.&nbsp;<\/p>\n\n\n\n<p>Para finalizar destac\u00f3 los cambios en las politicas gubernamentales y la influencia en decisiones de inversi\u00f3n como la que planean realizar. Apunt\u00f3 que a ra\u00edz del aumento de la energ\u00eda, la baja de impuestos y la posibilidad de importar permitieron avanzar en esta propuesta que, de no mediar inconvenientes, estar\u00eda operativa durante 2025.&nbsp;<\/p>\n\n\n\n<p><\/p>\n\n\n\n<p>Fuente: Radio Sudeste<\/p>\n\n\n\n<p>Foto: Archivo<\/p>\n","protected":false},"excerpt":{"rendered":"<p>Lo anunci\u00f3 la Cooperativa El\u00e9ctrica de esa ciudad. Se trata de un innovador proyecto que tendr\u00e1 capacidad de 300 kilovatios y generar\u00e1 el 5 por ciento de la energ\u00eda local. <\/p>\n","protected":false},"author":3,"featured_media":10045,"comment_status":"open","ping_status":"open","sticky":false,"template":"","format":"standard","meta":{"footnotes":""},"categories":[52],"tags":[138,221,79,201,222,199,76],"class_list":["post-10044","post","type-post","status-publish","format-standard","has-post-thumbnail","hentry","category-fotovoltaica","tag-ahorro-energetico","tag-energia-limpia","tag-energias-renovables","tag-inversion","tag-justiniano-posse","tag-novedades","tag-parque-solar"],"_links":{"self":[{"href":"https:\/\/enerone.com.ar\/energia-renovable\/wp-json\/wp\/v2\/posts\/10044","targetHints":{"allow":["GET"]}}],"collection":[{"href":"https:\/\/enerone.com.ar\/energia-renovable\/wp-json\/wp\/v2\/posts"}],"about":[{"href":"https:\/\/enerone.com.ar\/energia-renovable\/wp-json\/wp\/v2\/types\/post"}],"author":[{"embeddable":true,"href":"https:\/\/enerone.com.ar\/energia-renovable\/wp-json\/wp\/v2\/users\/3"}],"replies":[{"embeddable":true,"href":"https:\/\/enerone.com.ar\/energia-renovable\/wp-json\/wp\/v2\/comments?post=10044"}],"version-history":[{"count":1,"href":"https:\/\/enerone.com.ar\/energia-renovable\/wp-json\/wp\/v2\/posts\/10044\/revisions"}],"predecessor-version":[{"id":10046,"href":"https:\/\/enerone.com.ar\/energia-renovable\/wp-json\/wp\/v2\/posts\/10044\/revisions\/10046"}],"wp:featuredmedia":[{"embeddable":true,"href":"https:\/\/enerone.com.ar\/energia-renovable\/wp-json\/wp\/v2\/media\/10045"}],"wp:attachment":[{"href":"https:\/\/enerone.com.ar\/energia-renovable\/wp-json\/wp\/v2\/media?parent=10044"}],"wp:term":[{"taxonomy":"category","embeddable":true,"href":"https:\/\/enerone.com.ar\/energia-renovable\/wp-json\/wp\/v2\/categories?post=10044"},{"taxonomy":"post_tag","embeddable":true,"href":"https:\/\/enerone.com.ar\/energia-renovable\/wp-json\/wp\/v2\/tags?post=10044"}],"curies":[{"name":"wp","href":"https:\/\/api.w.org\/{rel}","templated":true}]}}